{"id":548229,"date":"2026-09-06T10:40:11","date_gmt":"2026-09-06T10:40:11","guid":{"rendered":"https:\/\/livelycity.com\/switzerland\/neuestes-it-bag-sieht-aus-wie-dein-altes-turnsackli\/"},"modified":"2026-09-06T10:40:11","modified_gmt":"2026-09-06T10:40:11","slug":"neuestes-it-bag-sieht-aus-wie-dein-altes-turnsackli","status":"publish","type":"post","link":"https:\/\/livelycity.com\/switzerland\/neuestes-it-bag-sieht-aus-wie-dein-altes-turnsackli\/","title":{"rendered":"Neuestes It-Bag\u00a0sieht aus wie dein altes\u00a0Turns\u00e4ckli"},"content":{"rendered":"<p>Beuteltaschen mit Kordelzug geh\u00f6ren gerade zu den angesagtesten Taschenformen \u2013 und erinnern ein bisschen an das Turns\u00e4ckli von fr\u00fcher. Designer zeigen, wie elegant Pouches 2026 aussehen k\u00f6nnen.<\/p>\n<p><a href=\"https:\/\/www.20min.ch\/story\/prada-miu-miu-und-loewe-setzen-2026-auf-elegante-beuteltaschen-103625285\" target=\"_blank\" class=\"\">https:\/\/www.20min.ch\/story\/prada-miu-miu-und-loewe-setzen-2026-auf-elegante-beuteltaschen-103625285<\/a>\u00a0<\/p>\n","protected":false},"excerpt":{"rendered":"<p>Beuteltaschen mit Kordelzug geh\u00f6ren gerade zu den angesagtesten Taschenformen \u2013 und erinnern ein bisschen an das Turns\u00e4ckli von fr\u00fcher. Designer zeigen, wie elegant Pouches 2026&#8230;<\/p>\n","protected":false},"author":0,"featured_media":548114,"comment_status":"closed","ping_status":"closed","sticky":false,"template":"","format":"standard","meta":{"_jetpack_memberships_contains_paid_content":false,"footnotes":""},"categories":[3],"tags":[],"class_list":["post-548229","post","type-post","status-publish","format-standard","has-post-thumbnail","hentry","category-20-minuten","wpcat-3-id"],"jetpack_featured_media_url":"https:\/\/livelycity.com\/switzerland\/wp-content\/uploads\/2026\/09\/10373972-a181-400e-9616-1d47e5456188-JxRrUG-scaled.jpg","jetpack_sharing_enabled":true,"_links":{"self":[{"href":"https:\/\/livelycity.com\/switzerland\/wp-json\/wp\/v2\/posts\/548229","targetHints":{"allow":["GET"]}}],"collection":[{"href":"https:\/\/livelycity.com\/switzerland\/wp-json\/wp\/v2\/posts"}],"about":[{"href":"https:\/\/livelycity.com\/switzerland\/wp-json\/wp\/v2\/types\/post"}],"replies":[{"embeddable":true,"href":"https:\/\/livelycity.com\/switzerland\/wp-json\/wp\/v2\/comments?post=548229"}],"version-history":[{"count":0,"href":"https:\/\/livelycity.com\/switzerland\/wp-json\/wp\/v2\/posts\/548229\/revisions"}],"wp:featuredmedia":[{"embeddable":true,"href":"https:\/\/livelycity.com\/switzerland\/wp-json\/wp\/v2\/media\/548114"}],"wp:attachment":[{"href":"https:\/\/livelycity.com\/switzerland\/wp-json\/wp\/v2\/media?parent=548229"}],"wp:term":[{"taxonomy":"category","embeddable":true,"href":"https:\/\/livelycity.com\/switzerland\/wp-json\/wp\/v2\/categories?post=548229"},{"taxonomy":"post_tag","embeddable":true,"href":"https:\/\/livelycity.com\/switzerland\/wp-json\/wp\/v2\/tags?post=548229"}],"curies":[{"name":"wp","href":"https:\/\/api.w.org\/{rel}","templated":true}]}}