{"id":548109,"date":"2026-09-06T09:01:57","date_gmt":"2026-09-06T09:01:57","guid":{"rendered":"https:\/\/livelycity.com\/switzerland\/konig-charles-und-trump-bleiben-haralds-beerdigung-fern\/"},"modified":"2026-09-06T09:01:57","modified_gmt":"2026-09-06T09:01:57","slug":"konig-charles-und-trump-bleiben-haralds-beerdigung-fern","status":"publish","type":"post","link":"https:\/\/livelycity.com\/switzerland\/konig-charles-und-trump-bleiben-haralds-beerdigung-fern\/","title":{"rendered":"K\u00f6nig Charles und Trump bleiben Haralds Beerdigung fern"},"content":{"rendered":"<p>Am Mittwoch findet K\u00f6nig Harald V. im Osloer Dom seine letzte Ruhe. Bei der Beisetzung nehmen diverse hochrangige Pers\u00f6nlichkeiten teil \u2013 zwei werden allerdings fehlen.<\/p>\n<p><a href=\"https:\/\/www.20min.ch\/story\/beerdigung-koenig-harald-prinz-william-vertritt-koenig-charles-in-oslo-103628358\" target=\"_blank\" class=\"\">https:\/\/www.20min.ch\/story\/beerdigung-koenig-harald-prinz-william-vertritt-koenig-charles-in-oslo-103628358<\/a>\u00a0<\/p>\n","protected":false},"excerpt":{"rendered":"<p>Am Mittwoch findet K\u00f6nig Harald V. im Osloer Dom seine letzte Ruhe. Bei der Beisetzung nehmen diverse hochrangige Pers\u00f6nlichkeiten teil \u2013 zwei werden allerdings fehlen&#8230;.<\/p>\n","protected":false},"author":0,"featured_media":548063,"comment_status":"closed","ping_status":"closed","sticky":false,"template":"","format":"standard","meta":{"_jetpack_memberships_contains_paid_content":false,"footnotes":""},"categories":[3],"tags":[],"class_list":["post-548109","post","type-post","status-publish","format-standard","has-post-thumbnail","hentry","category-20-minuten","wpcat-3-id"],"jetpack_featured_media_url":"https:\/\/livelycity.com\/switzerland\/wp-content\/uploads\/2026\/09\/f2096ce4-a515-4335-b6b6-a5ffdf102b90-Ft7OHG-scaled.jpg","jetpack_sharing_enabled":true,"_links":{"self":[{"href":"https:\/\/livelycity.com\/switzerland\/wp-json\/wp\/v2\/posts\/548109","targetHints":{"allow":["GET"]}}],"collection":[{"href":"https:\/\/livelycity.com\/switzerland\/wp-json\/wp\/v2\/posts"}],"about":[{"href":"https:\/\/livelycity.com\/switzerland\/wp-json\/wp\/v2\/types\/post"}],"replies":[{"embeddable":true,"href":"https:\/\/livelycity.com\/switzerland\/wp-json\/wp\/v2\/comments?post=548109"}],"version-history":[{"count":0,"href":"https:\/\/livelycity.com\/switzerland\/wp-json\/wp\/v2\/posts\/548109\/revisions"}],"wp:featuredmedia":[{"embeddable":true,"href":"https:\/\/livelycity.com\/switzerland\/wp-json\/wp\/v2\/media\/548063"}],"wp:attachment":[{"href":"https:\/\/livelycity.com\/switzerland\/wp-json\/wp\/v2\/media?parent=548109"}],"wp:term":[{"taxonomy":"category","embeddable":true,"href":"https:\/\/livelycity.com\/switzerland\/wp-json\/wp\/v2\/categories?post=548109"},{"taxonomy":"post_tag","embeddable":true,"href":"https:\/\/livelycity.com\/switzerland\/wp-json\/wp\/v2\/tags?post=548109"}],"curies":[{"name":"wp","href":"https:\/\/api.w.org\/{rel}","templated":true}]}}