{"id":547923,"date":"2026-09-06T03:30:00","date_gmt":"2026-09-06T03:30:00","guid":{"rendered":"https:\/\/livelycity.com\/switzerland\/im-namen-der-barmherzigkeit-nach-80-jahren-sollen-die-nonnen-von-spotorno-ihr-strandbad-abgeben-nun-wehren-sie-sich\/"},"modified":"2026-09-06T03:30:00","modified_gmt":"2026-09-06T03:30:00","slug":"im-namen-der-barmherzigkeit-nach-80-jahren-sollen-die-nonnen-von-spotorno-ihr-strandbad-abgeben-nun-wehren-sie-sich","status":"publish","type":"post","link":"https:\/\/livelycity.com\/switzerland\/im-namen-der-barmherzigkeit-nach-80-jahren-sollen-die-nonnen-von-spotorno-ihr-strandbad-abgeben-nun-wehren-sie-sich\/","title":{"rendered":"Im Namen der Barmherzigkeit: Nach 80 Jahren sollen die Nonnen von Spotorno ihr Strandbad abgeben. Nun wehren sie sich"},"content":{"rendered":"<p>Die italienische Gemeinde will mehr \u00f6ffentliche Str\u00e4nde. Deshalb k\u00f6nnten die Ordensschwestern die Genehmigung f\u00fcr ihren 50 Meter langen Strandabschnitt verlieren.<\/p>\n<p><a href=\"https:\/\/www.nzz.ch\/panorama\/im-namen-der-barmherzigkeit-nach-80-jahren-sollen-die-nonnen-von-spotorno-ihr-strandbad-abgeben-nun-wehren-sie-sich-ld.10022394\" target=\"_blank\" class=\"\">https:\/\/www.nzz.ch\/panorama\/im-namen-der-barmherzigkeit-nach-80-jahren-sollen-die-nonnen-von-spotorno-ihr-strandbad-abgeben-nun-wehren-sie-sich-ld.10022394<\/a>\u00a0<\/p>\n","protected":false},"excerpt":{"rendered":"<p>Die italienische Gemeinde will mehr \u00f6ffentliche Str\u00e4nde. Deshalb k\u00f6nnten die Ordensschwestern die Genehmigung f\u00fcr ihren 50 Meter langen Strandabschnitt verlieren. https:\/\/www.nzz.ch\/panorama\/im-namen-der-barmherzigkeit-nach-80-jahren-sollen-die-nonnen-von-spotorno-ihr-strandbad-abgeben-nun-wehren-sie-sich-ld.10022394\u00a0<\/p>\n","protected":false},"author":0,"featured_media":547924,"comment_status":"closed","ping_status":"closed","sticky":false,"template":"","format":"standard","meta":{"_jetpack_memberships_contains_paid_content":false,"footnotes":""},"categories":[6],"tags":[],"class_list":["post-547923","post","type-post","status-publish","format-standard","has-post-thumbnail","hentry","category-neue-zurcher-zeitung","wpcat-6-id"],"jetpack_featured_media_url":"https:\/\/livelycity.com\/switzerland\/wp-content\/uploads\/2026\/09\/031fbdca-d7be-4599-8c62-ebc3e38b105d-inKSz0.jpg","jetpack_sharing_enabled":true,"_links":{"self":[{"href":"https:\/\/livelycity.com\/switzerland\/wp-json\/wp\/v2\/posts\/547923","targetHints":{"allow":["GET"]}}],"collection":[{"href":"https:\/\/livelycity.com\/switzerland\/wp-json\/wp\/v2\/posts"}],"about":[{"href":"https:\/\/livelycity.com\/switzerland\/wp-json\/wp\/v2\/types\/post"}],"replies":[{"embeddable":true,"href":"https:\/\/livelycity.com\/switzerland\/wp-json\/wp\/v2\/comments?post=547923"}],"version-history":[{"count":0,"href":"https:\/\/livelycity.com\/switzerland\/wp-json\/wp\/v2\/posts\/547923\/revisions"}],"wp:featuredmedia":[{"embeddable":true,"href":"https:\/\/livelycity.com\/switzerland\/wp-json\/wp\/v2\/media\/547924"}],"wp:attachment":[{"href":"https:\/\/livelycity.com\/switzerland\/wp-json\/wp\/v2\/media?parent=547923"}],"wp:term":[{"taxonomy":"category","embeddable":true,"href":"https:\/\/livelycity.com\/switzerland\/wp-json\/wp\/v2\/categories?post=547923"},{"taxonomy":"post_tag","embeddable":true,"href":"https:\/\/livelycity.com\/switzerland\/wp-json\/wp\/v2\/tags?post=547923"}],"curies":[{"name":"wp","href":"https:\/\/api.w.org\/{rel}","templated":true}]}}