{"id":547919,"date":"2026-09-06T03:30:00","date_gmt":"2026-09-06T03:30:00","guid":{"rendered":"https:\/\/livelycity.com\/switzerland\/maggie-gyllenhaal-mit-galgenhumor-gegen-den-frauenmangel-an-den-filmfestspielen-in-venedig\/"},"modified":"2026-09-06T03:30:00","modified_gmt":"2026-09-06T03:30:00","slug":"maggie-gyllenhaal-mit-galgenhumor-gegen-den-frauenmangel-an-den-filmfestspielen-in-venedig","status":"publish","type":"post","link":"https:\/\/livelycity.com\/switzerland\/maggie-gyllenhaal-mit-galgenhumor-gegen-den-frauenmangel-an-den-filmfestspielen-in-venedig\/","title":{"rendered":"Maggie Gyllenhaal: Mit Galgenhumor gegen den Frauenmangel an den Filmfestspielen in Venedig"},"content":{"rendered":"<p>Maggie Gyllenhaal kritisiert die \u00dcberzahl an Filmen m\u00e4nnlicher Kollegen. Sie hat recht. Doch statt \u00fcber Quoten m\u00fcsste man \u00fcber Chancen nachdenken. Hier liegt das Ungleichgewicht.<\/p>\n<p><a href=\"https:\/\/www.nzz.ch\/feuilleton\/maggie-gyllenhaal-mit-galgenhumor-gegen-den-frauenmangel-an-den-filmfestspielen-in-venedig-ld.10022410\" target=\"_blank\" class=\"\">https:\/\/www.nzz.ch\/feuilleton\/maggie-gyllenhaal-mit-galgenhumor-gegen-den-frauenmangel-an-den-filmfestspielen-in-venedig-ld.10022410<\/a>\u00a0<\/p>\n","protected":false},"excerpt":{"rendered":"<p>Maggie Gyllenhaal kritisiert die \u00dcberzahl an Filmen m\u00e4nnlicher Kollegen. Sie hat recht. Doch statt \u00fcber Quoten m\u00fcsste man \u00fcber Chancen nachdenken. Hier liegt das Ungleichgewicht&#8230;.<\/p>\n","protected":false},"author":0,"featured_media":547920,"comment_status":"closed","ping_status":"closed","sticky":false,"template":"","format":"standard","meta":{"_jetpack_memberships_contains_paid_content":false,"footnotes":""},"categories":[6],"tags":[],"class_list":["post-547919","post","type-post","status-publish","format-standard","has-post-thumbnail","hentry","category-neue-zurcher-zeitung","wpcat-6-id"],"jetpack_featured_media_url":"https:\/\/livelycity.com\/switzerland\/wp-content\/uploads\/2026\/09\/c119aa57-400c-49c0-81d9-cd2c77208077-PWG8Pq.jpg","jetpack_sharing_enabled":true,"_links":{"self":[{"href":"https:\/\/livelycity.com\/switzerland\/wp-json\/wp\/v2\/posts\/547919","targetHints":{"allow":["GET"]}}],"collection":[{"href":"https:\/\/livelycity.com\/switzerland\/wp-json\/wp\/v2\/posts"}],"about":[{"href":"https:\/\/livelycity.com\/switzerland\/wp-json\/wp\/v2\/types\/post"}],"replies":[{"embeddable":true,"href":"https:\/\/livelycity.com\/switzerland\/wp-json\/wp\/v2\/comments?post=547919"}],"version-history":[{"count":0,"href":"https:\/\/livelycity.com\/switzerland\/wp-json\/wp\/v2\/posts\/547919\/revisions"}],"wp:featuredmedia":[{"embeddable":true,"href":"https:\/\/livelycity.com\/switzerland\/wp-json\/wp\/v2\/media\/547920"}],"wp:attachment":[{"href":"https:\/\/livelycity.com\/switzerland\/wp-json\/wp\/v2\/media?parent=547919"}],"wp:term":[{"taxonomy":"category","embeddable":true,"href":"https:\/\/livelycity.com\/switzerland\/wp-json\/wp\/v2\/categories?post=547919"},{"taxonomy":"post_tag","embeddable":true,"href":"https:\/\/livelycity.com\/switzerland\/wp-json\/wp\/v2\/tags?post=547919"}],"curies":[{"name":"wp","href":"https:\/\/api.w.org\/{rel}","templated":true}]}}