{"id":547866,"date":"2026-09-05T17:00:30","date_gmt":"2026-09-05T17:00:30","guid":{"rendered":"https:\/\/livelycity.com\/switzerland\/es-war-angst-da-vermeintliche-schusse-an-schulerfest\/"},"modified":"2026-09-05T17:00:30","modified_gmt":"2026-09-05T17:00:30","slug":"es-war-angst-da-vermeintliche-schusse-an-schulerfest","status":"publish","type":"post","link":"https:\/\/livelycity.com\/switzerland\/es-war-angst-da-vermeintliche-schusse-an-schulerfest\/","title":{"rendered":"\u00abEs war Angst da\u00bb: Vermeintliche Sch\u00fcsse an Sch\u00fclerfest"},"content":{"rendered":"<p>Am Freitagabend wurden in Goldach rund 300 Sch\u00fclerinnen und Sch\u00fcler von einem Schulfest evakuiert. Die Polizei erhielt mehrere Anrufe \u00fcber mutmassliche Sch\u00fcsse. News-Scout Fabrice und der Schulpr\u00e4sident erz\u00e4hlen von der Erfahrung.<\/p>\n<p><a href=\"https:\/\/www.20min.ch\/story\/nach-aarau-amoktat-es-war-angst-da-vermeintliche-schuesse-an-schuelerfest-103627886\" target=\"_blank\" class=\"\">https:\/\/www.20min.ch\/story\/nach-aarau-amoktat-es-war-angst-da-vermeintliche-schuesse-an-schuelerfest-103627886<\/a>\u00a0<\/p>\n","protected":false},"excerpt":{"rendered":"<p>Am Freitagabend wurden in Goldach rund 300 Sch\u00fclerinnen und Sch\u00fcler von einem Schulfest evakuiert. Die Polizei erhielt mehrere Anrufe \u00fcber mutmassliche Sch\u00fcsse. News-Scout Fabrice und&#8230;<\/p>\n","protected":false},"author":0,"featured_media":547637,"comment_status":"closed","ping_status":"closed","sticky":false,"template":"","format":"standard","meta":{"_jetpack_memberships_contains_paid_content":false,"footnotes":""},"categories":[3],"tags":[],"class_list":["post-547866","post","type-post","status-publish","format-standard","has-post-thumbnail","hentry","category-20-minuten","wpcat-3-id"],"jetpack_featured_media_url":"https:\/\/livelycity.com\/switzerland\/wp-content\/uploads\/2026\/09\/fe69fa58-00b5-4ddd-beb5-bb6bde44f2ed-7Bi592.jpg","jetpack_sharing_enabled":true,"_links":{"self":[{"href":"https:\/\/livelycity.com\/switzerland\/wp-json\/wp\/v2\/posts\/547866","targetHints":{"allow":["GET"]}}],"collection":[{"href":"https:\/\/livelycity.com\/switzerland\/wp-json\/wp\/v2\/posts"}],"about":[{"href":"https:\/\/livelycity.com\/switzerland\/wp-json\/wp\/v2\/types\/post"}],"replies":[{"embeddable":true,"href":"https:\/\/livelycity.com\/switzerland\/wp-json\/wp\/v2\/comments?post=547866"}],"version-history":[{"count":0,"href":"https:\/\/livelycity.com\/switzerland\/wp-json\/wp\/v2\/posts\/547866\/revisions"}],"wp:featuredmedia":[{"embeddable":true,"href":"https:\/\/livelycity.com\/switzerland\/wp-json\/wp\/v2\/media\/547637"}],"wp:attachment":[{"href":"https:\/\/livelycity.com\/switzerland\/wp-json\/wp\/v2\/media?parent=547866"}],"wp:term":[{"taxonomy":"category","embeddable":true,"href":"https:\/\/livelycity.com\/switzerland\/wp-json\/wp\/v2\/categories?post=547866"},{"taxonomy":"post_tag","embeddable":true,"href":"https:\/\/livelycity.com\/switzerland\/wp-json\/wp\/v2\/tags?post=547866"}],"curies":[{"name":"wp","href":"https:\/\/api.w.org\/{rel}","templated":true}]}}