{"id":547721,"date":"2026-09-05T19:45:00","date_gmt":"2026-09-05T19:45:00","guid":{"rendered":"https:\/\/livelycity.com\/switzerland\/wegen-fehler-im-reglement-falle-von-misshandlungen-im-schweizer-sport-fallen-durch-das-neue-sanktionssystem\/"},"modified":"2026-09-05T19:45:00","modified_gmt":"2026-09-05T19:45:00","slug":"wegen-fehler-im-reglement-falle-von-misshandlungen-im-schweizer-sport-fallen-durch-das-neue-sanktionssystem","status":"publish","type":"post","link":"https:\/\/livelycity.com\/switzerland\/wegen-fehler-im-reglement-falle-von-misshandlungen-im-schweizer-sport-fallen-durch-das-neue-sanktionssystem\/","title":{"rendered":"Wegen Fehler im Reglement: F\u00e4lle von Misshandlungen im Schweizer Sport fallen durch das neue Sanktionssystem"},"content":{"rendered":"<p>Nach den Magglingen-Protokollen versprach der Bund, Missst\u00e4nde im Sport k\u00fcnftig l\u00fcckenlos aufzukl\u00e4ren. Doch dies funktioniert nicht. Vom erfolglosen Kampf von Athletinnen und Athleten f\u00fcr Gerechtigkeit.<\/p>\n<p><a href=\"https:\/\/www.nzz.ch\/schweiz\/wegen-fehler-in-reglement-faelle-von-misshandlungen-im-schweizer-sport-fallen-durch-das-neue-sanktionssystem-ld.10020202\" target=\"_blank\" class=\"\">https:\/\/www.nzz.ch\/schweiz\/wegen-fehler-in-reglement-faelle-von-misshandlungen-im-schweizer-sport-fallen-durch-das-neue-sanktionssystem-ld.10020202<\/a>\u00a0<\/p>\n","protected":false},"excerpt":{"rendered":"<p>Nach den Magglingen-Protokollen versprach der Bund, Missst\u00e4nde im Sport k\u00fcnftig l\u00fcckenlos aufzukl\u00e4ren. Doch dies funktioniert nicht. Vom erfolglosen Kampf von Athletinnen und Athleten f\u00fcr Gerechtigkeit&#8230;.<\/p>\n","protected":false},"author":0,"featured_media":547722,"comment_status":"closed","ping_status":"closed","sticky":false,"template":"","format":"standard","meta":{"_jetpack_memberships_contains_paid_content":false,"footnotes":""},"categories":[6],"tags":[],"class_list":["post-547721","post","type-post","status-publish","format-standard","has-post-thumbnail","hentry","category-neue-zurcher-zeitung","wpcat-6-id"],"jetpack_featured_media_url":"https:\/\/livelycity.com\/switzerland\/wp-content\/uploads\/2026\/09\/5f60fdb2-b16a-453f-9c11-0d9995c4ec74-t6d1aa.jpg","jetpack_sharing_enabled":true,"_links":{"self":[{"href":"https:\/\/livelycity.com\/switzerland\/wp-json\/wp\/v2\/posts\/547721","targetHints":{"allow":["GET"]}}],"collection":[{"href":"https:\/\/livelycity.com\/switzerland\/wp-json\/wp\/v2\/posts"}],"about":[{"href":"https:\/\/livelycity.com\/switzerland\/wp-json\/wp\/v2\/types\/post"}],"replies":[{"embeddable":true,"href":"https:\/\/livelycity.com\/switzerland\/wp-json\/wp\/v2\/comments?post=547721"}],"version-history":[{"count":0,"href":"https:\/\/livelycity.com\/switzerland\/wp-json\/wp\/v2\/posts\/547721\/revisions"}],"wp:featuredmedia":[{"embeddable":true,"href":"https:\/\/livelycity.com\/switzerland\/wp-json\/wp\/v2\/media\/547722"}],"wp:attachment":[{"href":"https:\/\/livelycity.com\/switzerland\/wp-json\/wp\/v2\/media?parent=547721"}],"wp:term":[{"taxonomy":"category","embeddable":true,"href":"https:\/\/livelycity.com\/switzerland\/wp-json\/wp\/v2\/categories?post=547721"},{"taxonomy":"post_tag","embeddable":true,"href":"https:\/\/livelycity.com\/switzerland\/wp-json\/wp\/v2\/tags?post=547721"}],"curies":[{"name":"wp","href":"https:\/\/api.w.org\/{rel}","templated":true}]}}