{"id":547710,"date":"2026-09-05T17:57:52","date_gmt":"2026-09-05T17:57:52","guid":{"rendered":"https:\/\/livelycity.com\/switzerland\/olteppich-breitet-sich-uber-28-kilometer-in-mailand-aus\/"},"modified":"2026-09-05T17:57:52","modified_gmt":"2026-09-05T17:57:52","slug":"olteppich-breitet-sich-uber-28-kilometer-in-mailand-aus","status":"publish","type":"post","link":"https:\/\/livelycity.com\/switzerland\/olteppich-breitet-sich-uber-28-kilometer-in-mailand-aus\/","title":{"rendered":"\u00d6lteppich breitet sich \u00fcber 28 Kilometer in Mailand aus"},"content":{"rendered":"<p>Seit Freitagabend treibt \u00d6l durch das Navigli-Kanalsystem. Barrieren sollen die Ausbreitung eind\u00e4mmen, doch Fische, V\u00f6gel und andere Wildtiere sind betroffen.<\/p>\n<p><a href=\"https:\/\/www.20min.ch\/story\/navigli-kanal-oelteppich-breitet-sich-ueber-28-kilometer-in-mailand-aus-103628119\" target=\"_blank\" class=\"\">https:\/\/www.20min.ch\/story\/navigli-kanal-oelteppich-breitet-sich-ueber-28-kilometer-in-mailand-aus-103628119<\/a>\u00a0<\/p>\n","protected":false},"excerpt":{"rendered":"<p>Seit Freitagabend treibt \u00d6l durch das Navigli-Kanalsystem. Barrieren sollen die Ausbreitung eind\u00e4mmen, doch Fische, V\u00f6gel und andere Wildtiere sind betroffen. https:\/\/www.20min.ch\/story\/navigli-kanal-oelteppich-breitet-sich-ueber-28-kilometer-in-mailand-aus-103628119\u00a0<\/p>\n","protected":false},"author":0,"featured_media":547664,"comment_status":"closed","ping_status":"closed","sticky":false,"template":"","format":"standard","meta":{"_jetpack_memberships_contains_paid_content":false,"footnotes":""},"categories":[3],"tags":[],"class_list":["post-547710","post","type-post","status-publish","format-standard","has-post-thumbnail","hentry","category-20-minuten","wpcat-3-id"],"jetpack_featured_media_url":"https:\/\/livelycity.com\/switzerland\/wp-content\/uploads\/2026\/09\/3da13675-1d1e-4554-9ed8-550373411124-ffCrlO.jpg","jetpack_sharing_enabled":true,"_links":{"self":[{"href":"https:\/\/livelycity.com\/switzerland\/wp-json\/wp\/v2\/posts\/547710","targetHints":{"allow":["GET"]}}],"collection":[{"href":"https:\/\/livelycity.com\/switzerland\/wp-json\/wp\/v2\/posts"}],"about":[{"href":"https:\/\/livelycity.com\/switzerland\/wp-json\/wp\/v2\/types\/post"}],"replies":[{"embeddable":true,"href":"https:\/\/livelycity.com\/switzerland\/wp-json\/wp\/v2\/comments?post=547710"}],"version-history":[{"count":0,"href":"https:\/\/livelycity.com\/switzerland\/wp-json\/wp\/v2\/posts\/547710\/revisions"}],"wp:featuredmedia":[{"embeddable":true,"href":"https:\/\/livelycity.com\/switzerland\/wp-json\/wp\/v2\/media\/547664"}],"wp:attachment":[{"href":"https:\/\/livelycity.com\/switzerland\/wp-json\/wp\/v2\/media?parent=547710"}],"wp:term":[{"taxonomy":"category","embeddable":true,"href":"https:\/\/livelycity.com\/switzerland\/wp-json\/wp\/v2\/categories?post=547710"},{"taxonomy":"post_tag","embeddable":true,"href":"https:\/\/livelycity.com\/switzerland\/wp-json\/wp\/v2\/tags?post=547710"}],"curies":[{"name":"wp","href":"https:\/\/api.w.org\/{rel}","templated":true}]}}