{"id":547635,"date":"2026-09-05T12:11:27","date_gmt":"2026-09-05T12:11:27","guid":{"rendered":"https:\/\/livelycity.com\/switzerland\/grosser-arger-bei-william-harry-bereitet-film-uber-diana-vor\/"},"modified":"2026-09-05T12:11:27","modified_gmt":"2026-09-05T12:11:27","slug":"grosser-arger-bei-william-harry-bereitet-film-uber-diana-vor","status":"publish","type":"post","link":"https:\/\/livelycity.com\/switzerland\/grosser-arger-bei-william-harry-bereitet-film-uber-diana-vor\/","title":{"rendered":"\u00abGrosser \u00c4rger bei William\u00bb: Harry bereitet Film \u00fcber Diana vor"},"content":{"rendered":"<p>Anl\u00e4sslich des 30. Jahrestages des Todes von Lady Di arbeitet ihr j\u00fcngster Sohn an einem Dokumentarfilm. Dies d\u00fcrfte die Spannungen mit William noch weiter anheizen.<\/p>\n<p><a href=\"https:\/\/www.20min.ch\/story\/konflikt-zwischen-william-und-harry-diana-film-entfacht-alten-streit-neu-103627933\" target=\"_blank\" class=\"\">https:\/\/www.20min.ch\/story\/konflikt-zwischen-william-und-harry-diana-film-entfacht-alten-streit-neu-103627933<\/a>\u00a0<\/p>\n","protected":false},"excerpt":{"rendered":"<p>Anl\u00e4sslich des 30. Jahrestages des Todes von Lady Di arbeitet ihr j\u00fcngster Sohn an einem Dokumentarfilm. Dies d\u00fcrfte die Spannungen mit William noch weiter anheizen&#8230;.<\/p>\n","protected":false},"author":0,"featured_media":547511,"comment_status":"closed","ping_status":"closed","sticky":false,"template":"","format":"standard","meta":{"_jetpack_memberships_contains_paid_content":false,"footnotes":""},"categories":[3],"tags":[],"class_list":["post-547635","post","type-post","status-publish","format-standard","has-post-thumbnail","hentry","category-20-minuten","wpcat-3-id"],"jetpack_featured_media_url":"https:\/\/livelycity.com\/switzerland\/wp-content\/uploads\/2026\/09\/d83fe78b-b7d3-43a7-98d0-d2bd1448e308-SGVcsh.jpg","jetpack_sharing_enabled":true,"_links":{"self":[{"href":"https:\/\/livelycity.com\/switzerland\/wp-json\/wp\/v2\/posts\/547635","targetHints":{"allow":["GET"]}}],"collection":[{"href":"https:\/\/livelycity.com\/switzerland\/wp-json\/wp\/v2\/posts"}],"about":[{"href":"https:\/\/livelycity.com\/switzerland\/wp-json\/wp\/v2\/types\/post"}],"replies":[{"embeddable":true,"href":"https:\/\/livelycity.com\/switzerland\/wp-json\/wp\/v2\/comments?post=547635"}],"version-history":[{"count":0,"href":"https:\/\/livelycity.com\/switzerland\/wp-json\/wp\/v2\/posts\/547635\/revisions"}],"wp:featuredmedia":[{"embeddable":true,"href":"https:\/\/livelycity.com\/switzerland\/wp-json\/wp\/v2\/media\/547511"}],"wp:attachment":[{"href":"https:\/\/livelycity.com\/switzerland\/wp-json\/wp\/v2\/media?parent=547635"}],"wp:term":[{"taxonomy":"category","embeddable":true,"href":"https:\/\/livelycity.com\/switzerland\/wp-json\/wp\/v2\/categories?post=547635"},{"taxonomy":"post_tag","embeddable":true,"href":"https:\/\/livelycity.com\/switzerland\/wp-json\/wp\/v2\/tags?post=547635"}],"curies":[{"name":"wp","href":"https:\/\/api.w.org\/{rel}","templated":true}]}}