{"id":547607,"date":"2026-09-05T11:14:20","date_gmt":"2026-09-05T11:14:20","guid":{"rendered":"https:\/\/livelycity.com\/switzerland\/bundesrat-will-zuwanderer-aus-drittstaaten-zur-kasse-bitten\/"},"modified":"2026-09-05T11:14:20","modified_gmt":"2026-09-05T11:14:20","slug":"bundesrat-will-zuwanderer-aus-drittstaaten-zur-kasse-bitten","status":"publish","type":"post","link":"https:\/\/livelycity.com\/switzerland\/bundesrat-will-zuwanderer-aus-drittstaaten-zur-kasse-bitten\/","title":{"rendered":"Bundesrat will Zuwanderer aus Drittstaaten zur Kasse bitten"},"content":{"rendered":"<p>Einwanderer aus Nicht-EU-L\u00e4ndern sollen Eintritt zahlen f\u00fcr die Schweiz. Der Bundesrat begr\u00fcsst diese Idee. Bei Zuwanderern aus dem EU-\/Efta-Raum w\u00e4re eine solche Abgabe wegen des fertig verhandelten EU-Deals laut dem Bund nur m\u00f6glich, wenn die Schutzklausel aktiviert ist.<\/p>\n<p><a href=\"https:\/\/www.20min.ch\/story\/zuwanderungsabgabe-bundesrat-will-drittstaaten-einwanderer-zur-kasse-bitten-103627349\" target=\"_blank\" class=\"\">https:\/\/www.20min.ch\/story\/zuwanderungsabgabe-bundesrat-will-drittstaaten-einwanderer-zur-kasse-bitten-103627349<\/a>\u00a0<\/p>\n","protected":false},"excerpt":{"rendered":"<p>Einwanderer aus Nicht-EU-L\u00e4ndern sollen Eintritt zahlen f\u00fcr die Schweiz. Der Bundesrat begr\u00fcsst diese Idee. Bei Zuwanderern aus dem EU-\/Efta-Raum w\u00e4re eine solche Abgabe wegen des&#8230;<\/p>\n","protected":false},"author":0,"featured_media":547475,"comment_status":"closed","ping_status":"closed","sticky":false,"template":"","format":"standard","meta":{"_jetpack_memberships_contains_paid_content":false,"footnotes":""},"categories":[3],"tags":[],"class_list":["post-547607","post","type-post","status-publish","format-standard","has-post-thumbnail","hentry","category-20-minuten","wpcat-3-id"],"jetpack_featured_media_url":"https:\/\/livelycity.com\/switzerland\/wp-content\/uploads\/2026\/09\/19ac3e59-a5f4-45fc-87b9-b1af6efddc8b-5OMIMI-scaled.jpg","jetpack_sharing_enabled":true,"_links":{"self":[{"href":"https:\/\/livelycity.com\/switzerland\/wp-json\/wp\/v2\/posts\/547607","targetHints":{"allow":["GET"]}}],"collection":[{"href":"https:\/\/livelycity.com\/switzerland\/wp-json\/wp\/v2\/posts"}],"about":[{"href":"https:\/\/livelycity.com\/switzerland\/wp-json\/wp\/v2\/types\/post"}],"replies":[{"embeddable":true,"href":"https:\/\/livelycity.com\/switzerland\/wp-json\/wp\/v2\/comments?post=547607"}],"version-history":[{"count":0,"href":"https:\/\/livelycity.com\/switzerland\/wp-json\/wp\/v2\/posts\/547607\/revisions"}],"wp:featuredmedia":[{"embeddable":true,"href":"https:\/\/livelycity.com\/switzerland\/wp-json\/wp\/v2\/media\/547475"}],"wp:attachment":[{"href":"https:\/\/livelycity.com\/switzerland\/wp-json\/wp\/v2\/media?parent=547607"}],"wp:term":[{"taxonomy":"category","embeddable":true,"href":"https:\/\/livelycity.com\/switzerland\/wp-json\/wp\/v2\/categories?post=547607"},{"taxonomy":"post_tag","embeddable":true,"href":"https:\/\/livelycity.com\/switzerland\/wp-json\/wp\/v2\/tags?post=547607"}],"curies":[{"name":"wp","href":"https:\/\/api.w.org\/{rel}","templated":true}]}}