{"id":547606,"date":"2026-09-05T12:45:07","date_gmt":"2026-09-05T12:45:07","guid":{"rendered":"https:\/\/livelycity.com\/switzerland\/berglauferin-seit-tagen-am-matterhorn-vermisst\/"},"modified":"2026-09-05T12:45:07","modified_gmt":"2026-09-05T12:45:07","slug":"berglauferin-seit-tagen-am-matterhorn-vermisst","status":"publish","type":"post","link":"https:\/\/livelycity.com\/switzerland\/berglauferin-seit-tagen-am-matterhorn-vermisst\/","title":{"rendered":"Bergl\u00e4uferin seit Tagen am Matterhorn vermisst"},"content":{"rendered":"<p>Die kanadische Bergl\u00e4uferin Kalie McCrystal wollte die italienische Seite des Matterhorns in weniger als f\u00fcnf Stunden erklimmen und wieder absteigen. Bei den Vorbereitungen ist sie nun verschwunden.<\/p>\n<p><a href=\"https:\/\/www.20min.ch\/story\/italienische-seite-berglaeuferin-seit-tagen-am-matterhorn-vermisst-103627955\" target=\"_blank\" class=\"\">https:\/\/www.20min.ch\/story\/italienische-seite-berglaeuferin-seit-tagen-am-matterhorn-vermisst-103627955<\/a>\u00a0<\/p>\n","protected":false},"excerpt":{"rendered":"<p>Die kanadische Bergl\u00e4uferin Kalie McCrystal wollte die italienische Seite des Matterhorns in weniger als f\u00fcnf Stunden erklimmen und wieder absteigen. Bei den Vorbereitungen ist sie&#8230;<\/p>\n","protected":false},"author":0,"featured_media":547536,"comment_status":"closed","ping_status":"closed","sticky":false,"template":"","format":"standard","meta":{"_jetpack_memberships_contains_paid_content":false,"footnotes":""},"categories":[3],"tags":[],"class_list":["post-547606","post","type-post","status-publish","format-standard","has-post-thumbnail","hentry","category-20-minuten","wpcat-3-id"],"jetpack_featured_media_url":"https:\/\/livelycity.com\/switzerland\/wp-content\/uploads\/2026\/09\/6e2802c7-848b-452e-bfd6-7dc94bc6387e-7GfHpF.png","jetpack_sharing_enabled":true,"_links":{"self":[{"href":"https:\/\/livelycity.com\/switzerland\/wp-json\/wp\/v2\/posts\/547606","targetHints":{"allow":["GET"]}}],"collection":[{"href":"https:\/\/livelycity.com\/switzerland\/wp-json\/wp\/v2\/posts"}],"about":[{"href":"https:\/\/livelycity.com\/switzerland\/wp-json\/wp\/v2\/types\/post"}],"replies":[{"embeddable":true,"href":"https:\/\/livelycity.com\/switzerland\/wp-json\/wp\/v2\/comments?post=547606"}],"version-history":[{"count":0,"href":"https:\/\/livelycity.com\/switzerland\/wp-json\/wp\/v2\/posts\/547606\/revisions"}],"wp:featuredmedia":[{"embeddable":true,"href":"https:\/\/livelycity.com\/switzerland\/wp-json\/wp\/v2\/media\/547536"}],"wp:attachment":[{"href":"https:\/\/livelycity.com\/switzerland\/wp-json\/wp\/v2\/media?parent=547606"}],"wp:term":[{"taxonomy":"category","embeddable":true,"href":"https:\/\/livelycity.com\/switzerland\/wp-json\/wp\/v2\/categories?post=547606"},{"taxonomy":"post_tag","embeddable":true,"href":"https:\/\/livelycity.com\/switzerland\/wp-json\/wp\/v2\/tags?post=547606"}],"curies":[{"name":"wp","href":"https:\/\/api.w.org\/{rel}","templated":true}]}}