{"id":547506,"date":"2026-09-05T11:38:55","date_gmt":"2026-09-05T11:38:55","guid":{"rendered":"https:\/\/livelycity.com\/switzerland\/ein-eintrittspreis-fur-die-schweiz-der-bundesrat-vollzieht-eine-kehrtwende-bei-der-zuwanderungsabgabe\/"},"modified":"2026-09-05T11:38:55","modified_gmt":"2026-09-05T11:38:55","slug":"ein-eintrittspreis-fur-die-schweiz-der-bundesrat-vollzieht-eine-kehrtwende-bei-der-zuwanderungsabgabe","status":"publish","type":"post","link":"https:\/\/livelycity.com\/switzerland\/ein-eintrittspreis-fur-die-schweiz-der-bundesrat-vollzieht-eine-kehrtwende-bei-der-zuwanderungsabgabe\/","title":{"rendered":"Ein Eintrittspreis f\u00fcr die Schweiz: Der Bundesrat vollzieht eine Kehrtwende bei der Zuwanderungsabgabe"},"content":{"rendered":"<p>Vor der Mammutdebatte in der Herbstsession um die Bilateralen III machen Parlamentarier Druck auf die Landesregierung f\u00fcr die Einf\u00fchrung einer Abgabe f\u00fcr Arbeitssuchende aus dem Ausland. Die Wirtschaft lehnt das Instrument ab.<\/p>\n<p><a href=\"https:\/\/www.nzz.ch\/wirtschaft\/ein-eintrittspreis-fuer-die-schweiz-der-bundesrat-vollzieht-eine-kehrtwende-bei-der-zuwanderungsabgabe-ld.10022443\" target=\"_blank\" class=\"\">https:\/\/www.nzz.ch\/wirtschaft\/ein-eintrittspreis-fuer-die-schweiz-der-bundesrat-vollzieht-eine-kehrtwende-bei-der-zuwanderungsabgabe-ld.10022443<\/a>\u00a0<\/p>\n","protected":false},"excerpt":{"rendered":"<p>Vor der Mammutdebatte in der Herbstsession um die Bilateralen III machen Parlamentarier Druck auf die Landesregierung f\u00fcr die Einf\u00fchrung einer Abgabe f\u00fcr Arbeitssuchende aus dem&#8230;<\/p>\n","protected":false},"author":0,"featured_media":547507,"comment_status":"closed","ping_status":"closed","sticky":false,"template":"","format":"standard","meta":{"_jetpack_memberships_contains_paid_content":false,"footnotes":""},"categories":[6],"tags":[],"class_list":["post-547506","post","type-post","status-publish","format-standard","has-post-thumbnail","hentry","category-neue-zurcher-zeitung","wpcat-6-id"],"jetpack_featured_media_url":"https:\/\/livelycity.com\/switzerland\/wp-content\/uploads\/2026\/09\/d8465d0b-226d-42ee-a159-b41a1a9865a9-NQJkqI.jpg","jetpack_sharing_enabled":true,"_links":{"self":[{"href":"https:\/\/livelycity.com\/switzerland\/wp-json\/wp\/v2\/posts\/547506","targetHints":{"allow":["GET"]}}],"collection":[{"href":"https:\/\/livelycity.com\/switzerland\/wp-json\/wp\/v2\/posts"}],"about":[{"href":"https:\/\/livelycity.com\/switzerland\/wp-json\/wp\/v2\/types\/post"}],"replies":[{"embeddable":true,"href":"https:\/\/livelycity.com\/switzerland\/wp-json\/wp\/v2\/comments?post=547506"}],"version-history":[{"count":0,"href":"https:\/\/livelycity.com\/switzerland\/wp-json\/wp\/v2\/posts\/547506\/revisions"}],"wp:featuredmedia":[{"embeddable":true,"href":"https:\/\/livelycity.com\/switzerland\/wp-json\/wp\/v2\/media\/547507"}],"wp:attachment":[{"href":"https:\/\/livelycity.com\/switzerland\/wp-json\/wp\/v2\/media?parent=547506"}],"wp:term":[{"taxonomy":"category","embeddable":true,"href":"https:\/\/livelycity.com\/switzerland\/wp-json\/wp\/v2\/categories?post=547506"},{"taxonomy":"post_tag","embeddable":true,"href":"https:\/\/livelycity.com\/switzerland\/wp-json\/wp\/v2\/tags?post=547506"}],"curies":[{"name":"wp","href":"https:\/\/api.w.org\/{rel}","templated":true}]}}