{"id":547470,"date":"2026-09-05T06:55:14","date_gmt":"2026-09-05T06:55:14","guid":{"rendered":"https:\/\/livelycity.com\/switzerland\/ex-eth-prasident-warnt-nehmen-sie-holz-vor-die-hutte\/"},"modified":"2026-09-05T06:55:14","modified_gmt":"2026-09-05T06:55:14","slug":"ex-eth-prasident-warnt-nehmen-sie-holz-vor-die-hutte","status":"publish","type":"post","link":"https:\/\/livelycity.com\/switzerland\/ex-eth-prasident-warnt-nehmen-sie-holz-vor-die-hutte\/","title":{"rendered":"Ex-ETH-Pr\u00e4sident warnt: \u00abNehmen Sie Holz vor die H\u00fctte\u00bb"},"content":{"rendered":"<p>Wird im Winter die Energie knapp? Ex-ETH-Pr\u00e4sident Lino Guzzella warnt davor und r\u00e4t zum Kauf von Holzscheiten. W\u00e4hrend die gr\u00fcne Nationalr\u00e4tin Marionna Schlatter dies als \u00ababsurde Angstmacherei\u00bb bezeichnet, verzichtet der Bund auf eine klare Prognose und spricht von \u00abRestrisiken\u00bb.<\/p>\n<p><a href=\"https:\/\/www.20min.ch\/story\/winterstrom-ex-eth-praesident-guzzella-raet-zum-kauf-von-feuerholz-103626146\" target=\"_blank\" class=\"\">https:\/\/www.20min.ch\/story\/winterstrom-ex-eth-praesident-guzzella-raet-zum-kauf-von-feuerholz-103626146<\/a>\u00a0<\/p>\n","protected":false},"excerpt":{"rendered":"<p>Wird im Winter die Energie knapp? Ex-ETH-Pr\u00e4sident Lino Guzzella warnt davor und r\u00e4t zum Kauf von Holzscheiten. W\u00e4hrend die gr\u00fcne Nationalr\u00e4tin Marionna Schlatter dies als&#8230;<\/p>\n","protected":false},"author":0,"featured_media":547357,"comment_status":"closed","ping_status":"closed","sticky":false,"template":"","format":"standard","meta":{"_jetpack_memberships_contains_paid_content":false,"footnotes":""},"categories":[3],"tags":[],"class_list":["post-547470","post","type-post","status-publish","format-standard","has-post-thumbnail","hentry","category-20-minuten","wpcat-3-id"],"jetpack_featured_media_url":"https:\/\/livelycity.com\/switzerland\/wp-content\/uploads\/2026\/09\/d92245c0-fbd2-4b0a-9806-4d477f933931-L5KhO4-scaled.jpg","jetpack_sharing_enabled":true,"_links":{"self":[{"href":"https:\/\/livelycity.com\/switzerland\/wp-json\/wp\/v2\/posts\/547470","targetHints":{"allow":["GET"]}}],"collection":[{"href":"https:\/\/livelycity.com\/switzerland\/wp-json\/wp\/v2\/posts"}],"about":[{"href":"https:\/\/livelycity.com\/switzerland\/wp-json\/wp\/v2\/types\/post"}],"replies":[{"embeddable":true,"href":"https:\/\/livelycity.com\/switzerland\/wp-json\/wp\/v2\/comments?post=547470"}],"version-history":[{"count":0,"href":"https:\/\/livelycity.com\/switzerland\/wp-json\/wp\/v2\/posts\/547470\/revisions"}],"wp:featuredmedia":[{"embeddable":true,"href":"https:\/\/livelycity.com\/switzerland\/wp-json\/wp\/v2\/media\/547357"}],"wp:attachment":[{"href":"https:\/\/livelycity.com\/switzerland\/wp-json\/wp\/v2\/media?parent=547470"}],"wp:term":[{"taxonomy":"category","embeddable":true,"href":"https:\/\/livelycity.com\/switzerland\/wp-json\/wp\/v2\/categories?post=547470"},{"taxonomy":"post_tag","embeddable":true,"href":"https:\/\/livelycity.com\/switzerland\/wp-json\/wp\/v2\/tags?post=547470"}],"curies":[{"name":"wp","href":"https:\/\/api.w.org\/{rel}","templated":true}]}}