{"id":547441,"date":"2026-09-05T08:55:46","date_gmt":"2026-09-05T08:55:46","guid":{"rendered":"https:\/\/livelycity.com\/switzerland\/heisst-das-busen-oder-was-ratseln-uber-jugendworter\/"},"modified":"2026-09-05T08:55:46","modified_gmt":"2026-09-05T08:55:46","slug":"heisst-das-busen-oder-was-ratseln-uber-jugendworter","status":"publish","type":"post","link":"https:\/\/livelycity.com\/switzerland\/heisst-das-busen-oder-was-ratseln-uber-jugendworter\/","title":{"rendered":"\u00abHeisst das Busen oder was?\u00bb: R\u00e4tseln \u00fcber Jugendw\u00f6rter"},"content":{"rendered":"<p>\u00abRagebait\u00bb, \u00abCrashout\u00bb oder \u00abPeak\u00bb \u2013 diesen Monat l\u00e4uft das Voting noch f\u00fcr die Jugendw\u00f6rter 2026. Wir waren auf der Strasse und wollten von Leuten ausserhalb des Jugendalters wissen: Was heissen diese W\u00f6rter denn genau?<\/p>\n<p><a href=\"https:\/\/www.20min.ch\/video\/ragebait-und-co-heisst-das-busen-oder-was-raetseln-ueber-jugendwoerter-103626872\" target=\"_blank\" class=\"\">https:\/\/www.20min.ch\/video\/ragebait-und-co-heisst-das-busen-oder-was-raetseln-ueber-jugendwoerter-103626872<\/a>\u00a0<\/p>\n","protected":false},"excerpt":{"rendered":"<p>\u00abRagebait\u00bb, \u00abCrashout\u00bb oder \u00abPeak\u00bb \u2013 diesen Monat l\u00e4uft das Voting noch f\u00fcr die Jugendw\u00f6rter 2026. Wir waren auf der Strasse und wollten von Leuten ausserhalb&#8230;<\/p>\n","protected":false},"author":0,"featured_media":547416,"comment_status":"closed","ping_status":"closed","sticky":false,"template":"","format":"standard","meta":{"_jetpack_memberships_contains_paid_content":false,"footnotes":""},"categories":[3],"tags":[],"class_list":["post-547441","post","type-post","status-publish","format-standard","has-post-thumbnail","hentry","category-20-minuten","wpcat-3-id"],"jetpack_featured_media_url":"https:\/\/livelycity.com\/switzerland\/wp-content\/uploads\/2026\/09\/96a2eb0d-d991-4624-a6c3-6a0c90ffd72d-tholxu.png","jetpack_sharing_enabled":true,"_links":{"self":[{"href":"https:\/\/livelycity.com\/switzerland\/wp-json\/wp\/v2\/posts\/547441","targetHints":{"allow":["GET"]}}],"collection":[{"href":"https:\/\/livelycity.com\/switzerland\/wp-json\/wp\/v2\/posts"}],"about":[{"href":"https:\/\/livelycity.com\/switzerland\/wp-json\/wp\/v2\/types\/post"}],"replies":[{"embeddable":true,"href":"https:\/\/livelycity.com\/switzerland\/wp-json\/wp\/v2\/comments?post=547441"}],"version-history":[{"count":0,"href":"https:\/\/livelycity.com\/switzerland\/wp-json\/wp\/v2\/posts\/547441\/revisions"}],"wp:featuredmedia":[{"embeddable":true,"href":"https:\/\/livelycity.com\/switzerland\/wp-json\/wp\/v2\/media\/547416"}],"wp:attachment":[{"href":"https:\/\/livelycity.com\/switzerland\/wp-json\/wp\/v2\/media?parent=547441"}],"wp:term":[{"taxonomy":"category","embeddable":true,"href":"https:\/\/livelycity.com\/switzerland\/wp-json\/wp\/v2\/categories?post=547441"},{"taxonomy":"post_tag","embeddable":true,"href":"https:\/\/livelycity.com\/switzerland\/wp-json\/wp\/v2\/tags?post=547441"}],"curies":[{"name":"wp","href":"https:\/\/api.w.org\/{rel}","templated":true}]}}