{"id":547414,"date":"2026-09-05T07:32:23","date_gmt":"2026-09-05T07:32:23","guid":{"rendered":"https:\/\/livelycity.com\/switzerland\/cassis-verrat-bundesrat-sprach-uber-moglichen-angriff-russlands\/"},"modified":"2026-09-05T07:32:23","modified_gmt":"2026-09-05T07:32:23","slug":"cassis-verrat-bundesrat-sprach-uber-moglichen-angriff-russlands","status":"publish","type":"post","link":"https:\/\/livelycity.com\/switzerland\/cassis-verrat-bundesrat-sprach-uber-moglichen-angriff-russlands\/","title":{"rendered":"Cassis verr\u00e4t: Bundesrat sprach \u00fcber m\u00f6glichen Angriff Russlands"},"content":{"rendered":"<p>Ignazio Cassis blickt in einem Interview mit \u00abSchweiz heute\u00bb auf die Zeit nach Russlands Angriff auf die Ukraine zur\u00fcck. Er best\u00e4tigt, dass der Bundesrat auch ein m\u00f6gliches \u00dcbergreifen des Kriegs auf die Schweiz durchgespielt hat.<\/p>\n<p><a href=\"https:\/\/www.20min.ch\/story\/kriegsszenario-cassis-verraet-bundesrat-sprach-ueber-moeglichen-angriff-russlands-103627786\" target=\"_blank\" class=\"\">https:\/\/www.20min.ch\/story\/kriegsszenario-cassis-verraet-bundesrat-sprach-ueber-moeglichen-angriff-russlands-103627786<\/a>\u00a0<\/p>\n","protected":false},"excerpt":{"rendered":"<p>Ignazio Cassis blickt in einem Interview mit \u00abSchweiz heute\u00bb auf die Zeit nach Russlands Angriff auf die Ukraine zur\u00fcck. Er best\u00e4tigt, dass der Bundesrat auch&#8230;<\/p>\n","protected":false},"author":0,"featured_media":547391,"comment_status":"closed","ping_status":"closed","sticky":false,"template":"","format":"standard","meta":{"_jetpack_memberships_contains_paid_content":false,"footnotes":""},"categories":[3],"tags":[],"class_list":["post-547414","post","type-post","status-publish","format-standard","has-post-thumbnail","hentry","category-20-minuten","wpcat-3-id"],"jetpack_featured_media_url":"https:\/\/livelycity.com\/switzerland\/wp-content\/uploads\/2026\/09\/430af093-96c8-4238-a4ca-f20ec5ff6449-IWGXQ8.png","jetpack_sharing_enabled":true,"_links":{"self":[{"href":"https:\/\/livelycity.com\/switzerland\/wp-json\/wp\/v2\/posts\/547414","targetHints":{"allow":["GET"]}}],"collection":[{"href":"https:\/\/livelycity.com\/switzerland\/wp-json\/wp\/v2\/posts"}],"about":[{"href":"https:\/\/livelycity.com\/switzerland\/wp-json\/wp\/v2\/types\/post"}],"replies":[{"embeddable":true,"href":"https:\/\/livelycity.com\/switzerland\/wp-json\/wp\/v2\/comments?post=547414"}],"version-history":[{"count":0,"href":"https:\/\/livelycity.com\/switzerland\/wp-json\/wp\/v2\/posts\/547414\/revisions"}],"wp:featuredmedia":[{"embeddable":true,"href":"https:\/\/livelycity.com\/switzerland\/wp-json\/wp\/v2\/media\/547391"}],"wp:attachment":[{"href":"https:\/\/livelycity.com\/switzerland\/wp-json\/wp\/v2\/media?parent=547414"}],"wp:term":[{"taxonomy":"category","embeddable":true,"href":"https:\/\/livelycity.com\/switzerland\/wp-json\/wp\/v2\/categories?post=547414"},{"taxonomy":"post_tag","embeddable":true,"href":"https:\/\/livelycity.com\/switzerland\/wp-json\/wp\/v2\/tags?post=547414"}],"curies":[{"name":"wp","href":"https:\/\/api.w.org\/{rel}","templated":true}]}}