{"id":547413,"date":"2026-09-05T02:53:00","date_gmt":"2026-09-05T02:53:00","guid":{"rendered":"https:\/\/livelycity.com\/switzerland\/hunderte-ak-74-gemeldet-wieso-hat-man-eine-kalaschnikow-zuhause\/"},"modified":"2026-09-05T02:53:00","modified_gmt":"2026-09-05T02:53:00","slug":"hunderte-ak-74-gemeldet-wieso-hat-man-eine-kalaschnikow-zuhause","status":"publish","type":"post","link":"https:\/\/livelycity.com\/switzerland\/hunderte-ak-74-gemeldet-wieso-hat-man-eine-kalaschnikow-zuhause\/","title":{"rendered":"Hunderte AK-74\u00a0gemeldet: Wieso hat man eine Kalaschnikow zuhause?"},"content":{"rendered":"<p>Nach der Amoktat am Aarauer Rave r\u00fcckt die Frage in den Fokus, weshalb Menschen in der Schweiz privat Sturmgewehre wie die AK-74 besitzen. Ein Waffenh\u00e4ndler sagt, Waffen wie die Kalaschnikow seien bei Sportsch\u00fctzen und Sammlern gefragt.<\/p>\n<p><a href=\"https:\/\/www.20min.ch\/story\/ak-74-in-der-schweiz-wieso-menschen-privat-ein-sturmgewehr-besitzen-103627466\" target=\"_blank\" class=\"\">https:\/\/www.20min.ch\/story\/ak-74-in-der-schweiz-wieso-menschen-privat-ein-sturmgewehr-besitzen-103627466<\/a>\u00a0<\/p>\n","protected":false},"excerpt":{"rendered":"<p>Nach der Amoktat am Aarauer Rave r\u00fcckt die Frage in den Fokus, weshalb Menschen in der Schweiz privat Sturmgewehre wie die AK-74 besitzen. Ein Waffenh\u00e4ndler&#8230;<\/p>\n","protected":false},"author":0,"featured_media":547340,"comment_status":"closed","ping_status":"closed","sticky":false,"template":"","format":"standard","meta":{"_jetpack_memberships_contains_paid_content":false,"footnotes":""},"categories":[3],"tags":[],"class_list":["post-547413","post","type-post","status-publish","format-standard","has-post-thumbnail","hentry","category-20-minuten","wpcat-3-id"],"jetpack_featured_media_url":"https:\/\/livelycity.com\/switzerland\/wp-content\/uploads\/2026\/09\/76cb3d26-74cd-412c-a8db-69e83b055b3f-sm12zw-scaled.jpg","jetpack_sharing_enabled":true,"_links":{"self":[{"href":"https:\/\/livelycity.com\/switzerland\/wp-json\/wp\/v2\/posts\/547413","targetHints":{"allow":["GET"]}}],"collection":[{"href":"https:\/\/livelycity.com\/switzerland\/wp-json\/wp\/v2\/posts"}],"about":[{"href":"https:\/\/livelycity.com\/switzerland\/wp-json\/wp\/v2\/types\/post"}],"replies":[{"embeddable":true,"href":"https:\/\/livelycity.com\/switzerland\/wp-json\/wp\/v2\/comments?post=547413"}],"version-history":[{"count":0,"href":"https:\/\/livelycity.com\/switzerland\/wp-json\/wp\/v2\/posts\/547413\/revisions"}],"wp:featuredmedia":[{"embeddable":true,"href":"https:\/\/livelycity.com\/switzerland\/wp-json\/wp\/v2\/media\/547340"}],"wp:attachment":[{"href":"https:\/\/livelycity.com\/switzerland\/wp-json\/wp\/v2\/media?parent=547413"}],"wp:term":[{"taxonomy":"category","embeddable":true,"href":"https:\/\/livelycity.com\/switzerland\/wp-json\/wp\/v2\/categories?post=547413"},{"taxonomy":"post_tag","embeddable":true,"href":"https:\/\/livelycity.com\/switzerland\/wp-json\/wp\/v2\/tags?post=547413"}],"curies":[{"name":"wp","href":"https:\/\/api.w.org\/{rel}","templated":true}]}}