{"id":547385,"date":"2026-09-05T06:51:16","date_gmt":"2026-09-05T06:51:16","guid":{"rendered":"https:\/\/livelycity.com\/switzerland\/brandschutz-ungenugend-schulhaus-per-sofort-geschlossen\/"},"modified":"2026-09-05T06:51:16","modified_gmt":"2026-09-05T06:51:16","slug":"brandschutz-ungenugend-schulhaus-per-sofort-geschlossen","status":"publish","type":"post","link":"https:\/\/livelycity.com\/switzerland\/brandschutz-ungenugend-schulhaus-per-sofort-geschlossen\/","title":{"rendered":"Brandschutz ungen\u00fcgend: Schulhaus per sofort geschlossen"},"content":{"rendered":"<p>Das Dorfschulhaus in Wolfhalden wird per sofort geschlossen. Grund: Eine Pr\u00fcfung nach der Trag\u00f6die von Crans-Montana weist erhebliche Brandschutzm\u00e4ngel auf.<\/p>\n<p><a href=\"https:\/\/www.20min.ch\/story\/wolfhalden-ar-brandschutz-ungenuegend-schulhaus-per-sofort-geschlossen-103627558\" target=\"_blank\" class=\"\">https:\/\/www.20min.ch\/story\/wolfhalden-ar-brandschutz-ungenuegend-schulhaus-per-sofort-geschlossen-103627558<\/a>\u00a0<\/p>\n","protected":false},"excerpt":{"rendered":"<p>Das Dorfschulhaus in Wolfhalden wird per sofort geschlossen. Grund: Eine Pr\u00fcfung nach der Trag\u00f6die von Crans-Montana weist erhebliche Brandschutzm\u00e4ngel auf. https:\/\/www.20min.ch\/story\/wolfhalden-ar-brandschutz-ungenuegend-schulhaus-per-sofort-geschlossen-103627558\u00a0<\/p>\n","protected":false},"author":0,"featured_media":547363,"comment_status":"closed","ping_status":"closed","sticky":false,"template":"","format":"standard","meta":{"_jetpack_memberships_contains_paid_content":false,"footnotes":""},"categories":[3],"tags":[],"class_list":["post-547385","post","type-post","status-publish","format-standard","has-post-thumbnail","hentry","category-20-minuten","wpcat-3-id"],"jetpack_featured_media_url":"https:\/\/livelycity.com\/switzerland\/wp-content\/uploads\/2026\/09\/af05a9a3-1f2b-4321-9bb0-80d8e4870d15-mMymzZ.jpg","jetpack_sharing_enabled":true,"_links":{"self":[{"href":"https:\/\/livelycity.com\/switzerland\/wp-json\/wp\/v2\/posts\/547385","targetHints":{"allow":["GET"]}}],"collection":[{"href":"https:\/\/livelycity.com\/switzerland\/wp-json\/wp\/v2\/posts"}],"about":[{"href":"https:\/\/livelycity.com\/switzerland\/wp-json\/wp\/v2\/types\/post"}],"replies":[{"embeddable":true,"href":"https:\/\/livelycity.com\/switzerland\/wp-json\/wp\/v2\/comments?post=547385"}],"version-history":[{"count":0,"href":"https:\/\/livelycity.com\/switzerland\/wp-json\/wp\/v2\/posts\/547385\/revisions"}],"wp:featuredmedia":[{"embeddable":true,"href":"https:\/\/livelycity.com\/switzerland\/wp-json\/wp\/v2\/media\/547363"}],"wp:attachment":[{"href":"https:\/\/livelycity.com\/switzerland\/wp-json\/wp\/v2\/media?parent=547385"}],"wp:term":[{"taxonomy":"category","embeddable":true,"href":"https:\/\/livelycity.com\/switzerland\/wp-json\/wp\/v2\/categories?post=547385"},{"taxonomy":"post_tag","embeddable":true,"href":"https:\/\/livelycity.com\/switzerland\/wp-json\/wp\/v2\/tags?post=547385"}],"curies":[{"name":"wp","href":"https:\/\/api.w.org\/{rel}","templated":true}]}}