{"id":547328,"date":"2026-09-04T18:10:15","date_gmt":"2026-09-04T18:10:15","guid":{"rendered":"https:\/\/livelycity.com\/switzerland\/kindstotung-prozess-gegen-clancy-geplatzt\/"},"modified":"2026-09-04T18:10:15","modified_gmt":"2026-09-04T18:10:15","slug":"kindstotung-prozess-gegen-clancy-geplatzt","status":"publish","type":"post","link":"https:\/\/livelycity.com\/switzerland\/kindstotung-prozess-gegen-clancy-geplatzt\/","title":{"rendered":"Kindst\u00f6tung: Prozess gegen Clancy geplatzt"},"content":{"rendered":"<p>Seit Tagen k\u00f6nnen sich die Mitglieder der Geschworenenjury nicht einigen, ob die 36-J\u00e4hrige schuldf\u00e4hig ist. Die Mutter wurde bei der Tat nach eigenen Angaben von einer Stimme in ihrem Kopf gesteuert.<\/p>\n<p><a href=\"https:\/\/www.20min.ch\/story\/usa-kindstoetung-prozess-gegen-clancy-droht-an-jury-zu-scheitern-103627678\" target=\"_blank\" class=\"\">https:\/\/www.20min.ch\/story\/usa-kindstoetung-prozess-gegen-clancy-droht-an-jury-zu-scheitern-103627678<\/a>\u00a0<\/p>\n","protected":false},"excerpt":{"rendered":"<p>Seit Tagen k\u00f6nnen sich die Mitglieder der Geschworenenjury nicht einigen, ob die 36-J\u00e4hrige schuldf\u00e4hig ist. Die Mutter wurde bei der Tat nach eigenen Angaben von&#8230;<\/p>\n","protected":false},"author":0,"featured_media":547065,"comment_status":"closed","ping_status":"closed","sticky":false,"template":"","format":"standard","meta":{"_jetpack_memberships_contains_paid_content":false,"footnotes":""},"categories":[3],"tags":[],"class_list":["post-547328","post","type-post","status-publish","format-standard","has-post-thumbnail","hentry","category-20-minuten","wpcat-3-id"],"jetpack_featured_media_url":"https:\/\/livelycity.com\/switzerland\/wp-content\/uploads\/2026\/09\/8cdfc6a3-f012-4430-8f05-54117658fc84-dTGSpV-scaled.jpg","jetpack_sharing_enabled":true,"_links":{"self":[{"href":"https:\/\/livelycity.com\/switzerland\/wp-json\/wp\/v2\/posts\/547328","targetHints":{"allow":["GET"]}}],"collection":[{"href":"https:\/\/livelycity.com\/switzerland\/wp-json\/wp\/v2\/posts"}],"about":[{"href":"https:\/\/livelycity.com\/switzerland\/wp-json\/wp\/v2\/types\/post"}],"replies":[{"embeddable":true,"href":"https:\/\/livelycity.com\/switzerland\/wp-json\/wp\/v2\/comments?post=547328"}],"version-history":[{"count":0,"href":"https:\/\/livelycity.com\/switzerland\/wp-json\/wp\/v2\/posts\/547328\/revisions"}],"wp:featuredmedia":[{"embeddable":true,"href":"https:\/\/livelycity.com\/switzerland\/wp-json\/wp\/v2\/media\/547065"}],"wp:attachment":[{"href":"https:\/\/livelycity.com\/switzerland\/wp-json\/wp\/v2\/media?parent=547328"}],"wp:term":[{"taxonomy":"category","embeddable":true,"href":"https:\/\/livelycity.com\/switzerland\/wp-json\/wp\/v2\/categories?post=547328"},{"taxonomy":"post_tag","embeddable":true,"href":"https:\/\/livelycity.com\/switzerland\/wp-json\/wp\/v2\/tags?post=547328"}],"curies":[{"name":"wp","href":"https:\/\/api.w.org\/{rel}","templated":true}]}}