{"id":547234,"date":"2026-09-05T02:30:00","date_gmt":"2026-09-05T02:30:00","guid":{"rendered":"https:\/\/livelycity.com\/switzerland\/der-andere-blick-mit-daten-von-wegen-wachstumsprogramm-die-aufrustung-der-bundeswehr-wird-die-wirtschaft-nicht-starken\/"},"modified":"2026-09-05T02:30:00","modified_gmt":"2026-09-05T02:30:00","slug":"der-andere-blick-mit-daten-von-wegen-wachstumsprogramm-die-aufrustung-der-bundeswehr-wird-die-wirtschaft-nicht-starken","status":"publish","type":"post","link":"https:\/\/livelycity.com\/switzerland\/der-andere-blick-mit-daten-von-wegen-wachstumsprogramm-die-aufrustung-der-bundeswehr-wird-die-wirtschaft-nicht-starken\/","title":{"rendered":"DER ANDERE BLICK MIT DATEN &#8211; Von wegen Wachstumsprogramm: Die Aufr\u00fcstung der Bundeswehr wird die Wirtschaft nicht st\u00e4rken"},"content":{"rendered":"<p>Politiker und \u00d6konomen gehen davon aus, dass mehr staatliches Geld f\u00fcr R\u00fcstung auch mehr Wachstum erzeugt. Doch das stimmt nicht. Eine Auswertung zeigt: Es l\u00f6st nur ein konjunkturelles Strohfeuer aus. Am Ende bleiben h\u00f6here Staatsschulden \u00fcbrig.<\/p>\n<p><a href=\"https:\/\/www.nzz.ch\/der-andere-blick\/von-wegen-wachstumsprogramm-die-aufruestung-der-bundeswehr-wird-die-wirtschaft-nicht-staerken-ld.10022262\" target=\"_blank\" class=\"\">https:\/\/www.nzz.ch\/der-andere-blick\/von-wegen-wachstumsprogramm-die-aufruestung-der-bundeswehr-wird-die-wirtschaft-nicht-staerken-ld.10022262<\/a>\u00a0<\/p>\n","protected":false},"excerpt":{"rendered":"<p>Politiker und \u00d6konomen gehen davon aus, dass mehr staatliches Geld f\u00fcr R\u00fcstung auch mehr Wachstum erzeugt. Doch das stimmt nicht. Eine Auswertung zeigt: Es l\u00f6st&#8230;<\/p>\n","protected":false},"author":0,"featured_media":547235,"comment_status":"closed","ping_status":"closed","sticky":false,"template":"","format":"standard","meta":{"_jetpack_memberships_contains_paid_content":false,"footnotes":""},"categories":[6],"tags":[],"class_list":["post-547234","post","type-post","status-publish","format-standard","has-post-thumbnail","hentry","category-neue-zurcher-zeitung","wpcat-6-id"],"jetpack_featured_media_url":"https:\/\/livelycity.com\/switzerland\/wp-content\/uploads\/2026\/09\/2873cf6f-e0b1-4e44-aa94-67359191adf0-sPiEsU.jpg","jetpack_sharing_enabled":true,"_links":{"self":[{"href":"https:\/\/livelycity.com\/switzerland\/wp-json\/wp\/v2\/posts\/547234","targetHints":{"allow":["GET"]}}],"collection":[{"href":"https:\/\/livelycity.com\/switzerland\/wp-json\/wp\/v2\/posts"}],"about":[{"href":"https:\/\/livelycity.com\/switzerland\/wp-json\/wp\/v2\/types\/post"}],"replies":[{"embeddable":true,"href":"https:\/\/livelycity.com\/switzerland\/wp-json\/wp\/v2\/comments?post=547234"}],"version-history":[{"count":0,"href":"https:\/\/livelycity.com\/switzerland\/wp-json\/wp\/v2\/posts\/547234\/revisions"}],"wp:featuredmedia":[{"embeddable":true,"href":"https:\/\/livelycity.com\/switzerland\/wp-json\/wp\/v2\/media\/547235"}],"wp:attachment":[{"href":"https:\/\/livelycity.com\/switzerland\/wp-json\/wp\/v2\/media?parent=547234"}],"wp:term":[{"taxonomy":"category","embeddable":true,"href":"https:\/\/livelycity.com\/switzerland\/wp-json\/wp\/v2\/categories?post=547234"},{"taxonomy":"post_tag","embeddable":true,"href":"https:\/\/livelycity.com\/switzerland\/wp-json\/wp\/v2\/tags?post=547234"}],"curies":[{"name":"wp","href":"https:\/\/api.w.org\/{rel}","templated":true}]}}