{"id":547225,"date":"2026-09-04T18:26:58","date_gmt":"2026-09-04T18:26:58","guid":{"rendered":"https:\/\/livelycity.com\/switzerland\/tennisstar-genervt-partys-fun-ihr-seid-echt-ein-witz\/"},"modified":"2026-09-04T18:26:58","modified_gmt":"2026-09-04T18:26:58","slug":"tennisstar-genervt-partys-fun-ihr-seid-echt-ein-witz","status":"publish","type":"post","link":"https:\/\/livelycity.com\/switzerland\/tennisstar-genervt-partys-fun-ihr-seid-echt-ein-witz\/","title":{"rendered":"Tennisstar genervt: \u00abPartys, Fun&#8230; ihr seid echt ein Witz\u00bb"},"content":{"rendered":"<p>Tennisstar Aryna Sabalenka wird nach ihrem Sieg \u00fcber Polina Iatcenko <a href=\"https:\/\/20min.ch\/103627356\">am US Open auf<\/a> ihr Partyleben angesprochen. Von der Frage des Journalisten Matt Futterman zeigt sich die 28-J\u00e4hrige sichtlich genervt und kontert prompt. Zwischenzeitlich hat sich die Tennisspielerin bei dem Medienschaffenden f\u00fcr ihr Verhalten entschuldigt, wie Futterman selbst bekannt gegeben hat.<\/p>\n<p><em><strong>Wie wurde dieses Video verifiziert?<\/strong><br \/>Das Video wurde vom US Open am 3. September 2026 auf YouTube ver\u00f6ffentlicht. Die Agentur AP \u00fcbernahm das Video von der United States Tennis Association (USTA) und ver\u00f6ffentlichte es ebenfalls am 3. September.<\/em><\/p>\n<p><a href=\"https:\/\/www.20min.ch\/video\/aryna-sabalenka-am-us-open-tennis-star-teilt-wegen-party-frage-aus-103627551\" target=\"_blank\" class=\"\">https:\/\/www.20min.ch\/video\/aryna-sabalenka-am-us-open-tennis-star-teilt-wegen-party-frage-aus-103627551<\/a>\u00a0<\/p>\n","protected":false},"excerpt":{"rendered":"<p>Tennisstar Aryna Sabalenka wird nach ihrem Sieg \u00fcber Polina Iatcenko am US Open auf ihr Partyleben angesprochen. Von der Frage des Journalisten Matt Futterman zeigt&#8230;<\/p>\n","protected":false},"author":0,"featured_media":547058,"comment_status":"closed","ping_status":"closed","sticky":false,"template":"","format":"standard","meta":{"_jetpack_memberships_contains_paid_content":false,"footnotes":""},"categories":[3],"tags":[],"class_list":["post-547225","post","type-post","status-publish","format-standard","has-post-thumbnail","hentry","category-20-minuten","wpcat-3-id"],"jetpack_featured_media_url":"https:\/\/livelycity.com\/switzerland\/wp-content\/uploads\/2026\/09\/37a3a28a-4fb3-4fcc-92b4-7ce2107ed7ef-6bRfWC-scaled.jpg","jetpack_sharing_enabled":true,"_links":{"self":[{"href":"https:\/\/livelycity.com\/switzerland\/wp-json\/wp\/v2\/posts\/547225","targetHints":{"allow":["GET"]}}],"collection":[{"href":"https:\/\/livelycity.com\/switzerland\/wp-json\/wp\/v2\/posts"}],"about":[{"href":"https:\/\/livelycity.com\/switzerland\/wp-json\/wp\/v2\/types\/post"}],"replies":[{"embeddable":true,"href":"https:\/\/livelycity.com\/switzerland\/wp-json\/wp\/v2\/comments?post=547225"}],"version-history":[{"count":0,"href":"https:\/\/livelycity.com\/switzerland\/wp-json\/wp\/v2\/posts\/547225\/revisions"}],"wp:featuredmedia":[{"embeddable":true,"href":"https:\/\/livelycity.com\/switzerland\/wp-json\/wp\/v2\/media\/547058"}],"wp:attachment":[{"href":"https:\/\/livelycity.com\/switzerland\/wp-json\/wp\/v2\/media?parent=547225"}],"wp:term":[{"taxonomy":"category","embeddable":true,"href":"https:\/\/livelycity.com\/switzerland\/wp-json\/wp\/v2\/categories?post=547225"},{"taxonomy":"post_tag","embeddable":true,"href":"https:\/\/livelycity.com\/switzerland\/wp-json\/wp\/v2\/tags?post=547225"}],"curies":[{"name":"wp","href":"https:\/\/api.w.org\/{rel}","templated":true}]}}