{"id":546914,"date":"2026-09-04T10:11:08","date_gmt":"2026-09-04T10:11:08","guid":{"rendered":"https:\/\/livelycity.com\/switzerland\/er-schiesst-auf-polizeidrohne-dann-kommt-das-swat-team\/"},"modified":"2026-09-04T10:11:08","modified_gmt":"2026-09-04T10:11:08","slug":"er-schiesst-auf-polizeidrohne-dann-kommt-das-swat-team","status":"publish","type":"post","link":"https:\/\/livelycity.com\/switzerland\/er-schiesst-auf-polizeidrohne-dann-kommt-das-swat-team\/","title":{"rendered":"Er schiesst auf Polizeidrohne \u2013 dann kommt das SWAT-Team"},"content":{"rendered":"<p>Ein Mann (53) hat in der N\u00e4he von Oregon City auf Arbeiter geschossen, die B\u00e4ume f\u00e4llten. Verletzt wurde niemand. Zeugen alarmierten die Polizei. W\u00e4hrend des Einsatzes feuerte der Mann weitere Sch\u00fcsse ab. Unter anderem schoss er auf eine Polizeidrohne. Ein Sondereinsatzkommando nahm ihn schliesslich fest. Ihm werden unter anderem versuchter Mord und versuchte schwere K\u00f6rperverletzung vorgeworfen.<\/p>\n<p><em><strong>Wie wurde dieses Video verifiziert?<\/strong><br \/>Das Clackamas County Sheriff\u2019s Office hat am 30. August 2026 eine Medienmitteilung und Videos des Polizeieinsatzes auf Facebook ver\u00f6ffentlicht.<\/em><\/p>\n<p><a href=\"https:\/\/www.20min.ch\/video\/usa-er-schiesst-auf-polizeidrohne-dann-kommt-das-swat-team-103627463\" target=\"_blank\" class=\"\">https:\/\/www.20min.ch\/video\/usa-er-schiesst-auf-polizeidrohne-dann-kommt-das-swat-team-103627463<\/a>\u00a0<\/p>\n","protected":false},"excerpt":{"rendered":"<p>Ein Mann (53) hat in der N\u00e4he von Oregon City auf Arbeiter geschossen, die B\u00e4ume f\u00e4llten. Verletzt wurde niemand. Zeugen alarmierten die Polizei. W\u00e4hrend des&#8230;<\/p>\n","protected":false},"author":0,"featured_media":546777,"comment_status":"closed","ping_status":"closed","sticky":false,"template":"","format":"standard","meta":{"_jetpack_memberships_contains_paid_content":false,"footnotes":""},"categories":[3],"tags":[],"class_list":["post-546914","post","type-post","status-publish","format-standard","has-post-thumbnail","hentry","category-20-minuten","wpcat-3-id"],"jetpack_featured_media_url":"https:\/\/livelycity.com\/switzerland\/wp-content\/uploads\/2026\/09\/8b9ea1eb-dfb0-49c5-9ea2-506fbce0a11b-HVQ2zw.jpg","jetpack_sharing_enabled":true,"_links":{"self":[{"href":"https:\/\/livelycity.com\/switzerland\/wp-json\/wp\/v2\/posts\/546914","targetHints":{"allow":["GET"]}}],"collection":[{"href":"https:\/\/livelycity.com\/switzerland\/wp-json\/wp\/v2\/posts"}],"about":[{"href":"https:\/\/livelycity.com\/switzerland\/wp-json\/wp\/v2\/types\/post"}],"replies":[{"embeddable":true,"href":"https:\/\/livelycity.com\/switzerland\/wp-json\/wp\/v2\/comments?post=546914"}],"version-history":[{"count":0,"href":"https:\/\/livelycity.com\/switzerland\/wp-json\/wp\/v2\/posts\/546914\/revisions"}],"wp:featuredmedia":[{"embeddable":true,"href":"https:\/\/livelycity.com\/switzerland\/wp-json\/wp\/v2\/media\/546777"}],"wp:attachment":[{"href":"https:\/\/livelycity.com\/switzerland\/wp-json\/wp\/v2\/media?parent=546914"}],"wp:term":[{"taxonomy":"category","embeddable":true,"href":"https:\/\/livelycity.com\/switzerland\/wp-json\/wp\/v2\/categories?post=546914"},{"taxonomy":"post_tag","embeddable":true,"href":"https:\/\/livelycity.com\/switzerland\/wp-json\/wp\/v2\/tags?post=546914"}],"curies":[{"name":"wp","href":"https:\/\/api.w.org\/{rel}","templated":true}]}}