{"id":546881,"date":"2026-09-04T11:07:41","date_gmt":"2026-09-04T11:07:41","guid":{"rendered":"https:\/\/livelycity.com\/switzerland\/eine-katastrophe-yb-star-packt-uber-lugen-im-fussball-aus\/"},"modified":"2026-09-04T11:07:41","modified_gmt":"2026-09-04T11:07:41","slug":"eine-katastrophe-yb-star-packt-uber-lugen-im-fussball-aus","status":"publish","type":"post","link":"https:\/\/livelycity.com\/switzerland\/eine-katastrophe-yb-star-packt-uber-lugen-im-fussball-aus\/","title":{"rendered":"\u00abEine Katastrophe\u00bb: YB-Star packt \u00fcber L\u00fcgen im Fussball aus"},"content":{"rendered":"<p>YB-Torj\u00e4ger Christian Fassnacht sprach in einem Podcast dar\u00fcber, dass er es satt habe, dass im Fussball-Business so viel unter den Teppich gekehrt und gelogen werde.<\/p>\n<p><a href=\"https:\/\/www.20min.ch\/story\/christian-fassnacht-eine-katastrophe-yb-star-packt-ueber-luegen-im-fussball-aus-103627004\" target=\"_blank\" class=\"\">https:\/\/www.20min.ch\/story\/christian-fassnacht-eine-katastrophe-yb-star-packt-ueber-luegen-im-fussball-aus-103627004<\/a>\u00a0<\/p>\n","protected":false},"excerpt":{"rendered":"<p>YB-Torj\u00e4ger Christian Fassnacht sprach in einem Podcast dar\u00fcber, dass er es satt habe, dass im Fussball-Business so viel unter den Teppich gekehrt und gelogen werde&#8230;.<\/p>\n","protected":false},"author":0,"featured_media":546859,"comment_status":"closed","ping_status":"closed","sticky":false,"template":"","format":"standard","meta":{"_jetpack_memberships_contains_paid_content":false,"footnotes":""},"categories":[3],"tags":[],"class_list":["post-546881","post","type-post","status-publish","format-standard","has-post-thumbnail","hentry","category-20-minuten","wpcat-3-id"],"jetpack_featured_media_url":"https:\/\/livelycity.com\/switzerland\/wp-content\/uploads\/2026\/09\/1d708ad6-0166-41b1-bfa3-e6bbabf0282c-cFXCVD-scaled.jpg","jetpack_sharing_enabled":true,"_links":{"self":[{"href":"https:\/\/livelycity.com\/switzerland\/wp-json\/wp\/v2\/posts\/546881","targetHints":{"allow":["GET"]}}],"collection":[{"href":"https:\/\/livelycity.com\/switzerland\/wp-json\/wp\/v2\/posts"}],"about":[{"href":"https:\/\/livelycity.com\/switzerland\/wp-json\/wp\/v2\/types\/post"}],"replies":[{"embeddable":true,"href":"https:\/\/livelycity.com\/switzerland\/wp-json\/wp\/v2\/comments?post=546881"}],"version-history":[{"count":0,"href":"https:\/\/livelycity.com\/switzerland\/wp-json\/wp\/v2\/posts\/546881\/revisions"}],"wp:featuredmedia":[{"embeddable":true,"href":"https:\/\/livelycity.com\/switzerland\/wp-json\/wp\/v2\/media\/546859"}],"wp:attachment":[{"href":"https:\/\/livelycity.com\/switzerland\/wp-json\/wp\/v2\/media?parent=546881"}],"wp:term":[{"taxonomy":"category","embeddable":true,"href":"https:\/\/livelycity.com\/switzerland\/wp-json\/wp\/v2\/categories?post=546881"},{"taxonomy":"post_tag","embeddable":true,"href":"https:\/\/livelycity.com\/switzerland\/wp-json\/wp\/v2\/tags?post=546881"}],"curies":[{"name":"wp","href":"https:\/\/api.w.org\/{rel}","templated":true}]}}