{"id":546854,"date":"2026-09-04T13:10:31","date_gmt":"2026-09-04T13:10:31","guid":{"rendered":"https:\/\/livelycity.com\/switzerland\/das-schiffsungluck-vor-zypern-wirft-eine-heikle-frage-auf-muss-der-kapitan-als-letzter-von-bord\/"},"modified":"2026-09-04T13:10:31","modified_gmt":"2026-09-04T13:10:31","slug":"das-schiffsungluck-vor-zypern-wirft-eine-heikle-frage-auf-muss-der-kapitan-als-letzter-von-bord","status":"publish","type":"post","link":"https:\/\/livelycity.com\/switzerland\/das-schiffsungluck-vor-zypern-wirft-eine-heikle-frage-auf-muss-der-kapitan-als-letzter-von-bord\/","title":{"rendered":"Das Schiffsungl\u00fcck vor Zypern wirft eine heikle Frage auf: Muss der Kapit\u00e4n als Letzter von Bord?"},"content":{"rendered":"<p>Im Ernstfall tragen Kapit\u00e4ne die Verantwortung f\u00fcr Passagiere und Besatzung. Wegen Vers\u00e4umnissen gibt es immer wieder hohe Strafen \u2013 selbst die Todesstrafe wurde schon gefordert.<\/p>\n<p><a href=\"https:\/\/www.nzz.ch\/panorama\/das-schiffsunglueck-vor-zypern-wirft-eine-heikle-frage-auf-muss-der-kapitaen-als-letzter-von-bord-ld.10021778\" target=\"_blank\" class=\"\">https:\/\/www.nzz.ch\/panorama\/das-schiffsunglueck-vor-zypern-wirft-eine-heikle-frage-auf-muss-der-kapitaen-als-letzter-von-bord-ld.10021778<\/a>\u00a0<\/p>\n","protected":false},"excerpt":{"rendered":"<p>Im Ernstfall tragen Kapit\u00e4ne die Verantwortung f\u00fcr Passagiere und Besatzung. Wegen Vers\u00e4umnissen gibt es immer wieder hohe Strafen \u2013 selbst die Todesstrafe wurde schon gefordert&#8230;.<\/p>\n","protected":false},"author":0,"featured_media":546855,"comment_status":"closed","ping_status":"closed","sticky":false,"template":"","format":"standard","meta":{"_jetpack_memberships_contains_paid_content":false,"footnotes":""},"categories":[6],"tags":[],"class_list":["post-546854","post","type-post","status-publish","format-standard","has-post-thumbnail","hentry","category-neue-zurcher-zeitung","wpcat-6-id"],"jetpack_featured_media_url":"https:\/\/livelycity.com\/switzerland\/wp-content\/uploads\/2026\/09\/25a7584f-7647-46e5-be3c-c9001e5208eb-38yA6q.jpg","jetpack_sharing_enabled":true,"_links":{"self":[{"href":"https:\/\/livelycity.com\/switzerland\/wp-json\/wp\/v2\/posts\/546854","targetHints":{"allow":["GET"]}}],"collection":[{"href":"https:\/\/livelycity.com\/switzerland\/wp-json\/wp\/v2\/posts"}],"about":[{"href":"https:\/\/livelycity.com\/switzerland\/wp-json\/wp\/v2\/types\/post"}],"replies":[{"embeddable":true,"href":"https:\/\/livelycity.com\/switzerland\/wp-json\/wp\/v2\/comments?post=546854"}],"version-history":[{"count":0,"href":"https:\/\/livelycity.com\/switzerland\/wp-json\/wp\/v2\/posts\/546854\/revisions"}],"wp:featuredmedia":[{"embeddable":true,"href":"https:\/\/livelycity.com\/switzerland\/wp-json\/wp\/v2\/media\/546855"}],"wp:attachment":[{"href":"https:\/\/livelycity.com\/switzerland\/wp-json\/wp\/v2\/media?parent=546854"}],"wp:term":[{"taxonomy":"category","embeddable":true,"href":"https:\/\/livelycity.com\/switzerland\/wp-json\/wp\/v2\/categories?post=546854"},{"taxonomy":"post_tag","embeddable":true,"href":"https:\/\/livelycity.com\/switzerland\/wp-json\/wp\/v2\/tags?post=546854"}],"curies":[{"name":"wp","href":"https:\/\/api.w.org\/{rel}","templated":true}]}}