{"id":546848,"date":"2026-09-04T10:15:04","date_gmt":"2026-09-04T10:15:04","guid":{"rendered":"https:\/\/livelycity.com\/switzerland\/im-sommer-nicht-rasiert-berset-uberrascht-in-neuem-bart-look\/"},"modified":"2026-09-04T10:15:04","modified_gmt":"2026-09-04T10:15:04","slug":"im-sommer-nicht-rasiert-berset-uberrascht-in-neuem-bart-look","status":"publish","type":"post","link":"https:\/\/livelycity.com\/switzerland\/im-sommer-nicht-rasiert-berset-uberrascht-in-neuem-bart-look\/","title":{"rendered":"\u00abIm Sommer nicht rasiert\u00bb: Berset \u00fcberrascht in neuem Bart-Look"},"content":{"rendered":"<p>Europarats-Generalsekret\u00e4r Alain Berset zeigt sich in einem Video-Statement in ungewohntem Look. Tats\u00e4chlich rasiert er sich im Sommer nicht immer, mittlerweile ist der Bart aber wieder weg.<\/p>\n<p><a href=\"https:\/\/www.20min.ch\/story\/alt-sp-bundesrat-im-sommer-nicht-rasiert-berset-ueberrascht-in-neuem-bart-look-103627405\" target=\"_blank\" class=\"\">https:\/\/www.20min.ch\/story\/alt-sp-bundesrat-im-sommer-nicht-rasiert-berset-ueberrascht-in-neuem-bart-look-103627405<\/a>\u00a0<\/p>\n","protected":false},"excerpt":{"rendered":"<p>Europarats-Generalsekret\u00e4r Alain Berset zeigt sich in einem Video-Statement in ungewohntem Look. Tats\u00e4chlich rasiert er sich im Sommer nicht immer, mittlerweile ist der Bart aber wieder&#8230;<\/p>\n","protected":false},"author":0,"featured_media":546775,"comment_status":"closed","ping_status":"closed","sticky":false,"template":"","format":"standard","meta":{"_jetpack_memberships_contains_paid_content":false,"footnotes":""},"categories":[3],"tags":[],"class_list":["post-546848","post","type-post","status-publish","format-standard","has-post-thumbnail","hentry","category-20-minuten","wpcat-3-id"],"jetpack_featured_media_url":"https:\/\/livelycity.com\/switzerland\/wp-content\/uploads\/2026\/09\/89033d9e-17b8-4068-9804-4db38abec416-zrFlQ8.png","jetpack_sharing_enabled":true,"_links":{"self":[{"href":"https:\/\/livelycity.com\/switzerland\/wp-json\/wp\/v2\/posts\/546848","targetHints":{"allow":["GET"]}}],"collection":[{"href":"https:\/\/livelycity.com\/switzerland\/wp-json\/wp\/v2\/posts"}],"about":[{"href":"https:\/\/livelycity.com\/switzerland\/wp-json\/wp\/v2\/types\/post"}],"replies":[{"embeddable":true,"href":"https:\/\/livelycity.com\/switzerland\/wp-json\/wp\/v2\/comments?post=546848"}],"version-history":[{"count":0,"href":"https:\/\/livelycity.com\/switzerland\/wp-json\/wp\/v2\/posts\/546848\/revisions"}],"wp:featuredmedia":[{"embeddable":true,"href":"https:\/\/livelycity.com\/switzerland\/wp-json\/wp\/v2\/media\/546775"}],"wp:attachment":[{"href":"https:\/\/livelycity.com\/switzerland\/wp-json\/wp\/v2\/media?parent=546848"}],"wp:term":[{"taxonomy":"category","embeddable":true,"href":"https:\/\/livelycity.com\/switzerland\/wp-json\/wp\/v2\/categories?post=546848"},{"taxonomy":"post_tag","embeddable":true,"href":"https:\/\/livelycity.com\/switzerland\/wp-json\/wp\/v2\/tags?post=546848"}],"curies":[{"name":"wp","href":"https:\/\/api.w.org\/{rel}","templated":true}]}}