{"id":546822,"date":"2026-09-04T09:47:41","date_gmt":"2026-09-04T09:47:41","guid":{"rendered":"https:\/\/livelycity.com\/switzerland\/kommentar-kulturkampf-im-pentagon-hegseths-personalpolitik-schwacht-die-armee\/"},"modified":"2026-09-04T09:47:41","modified_gmt":"2026-09-04T09:47:41","slug":"kommentar-kulturkampf-im-pentagon-hegseths-personalpolitik-schwacht-die-armee","status":"publish","type":"post","link":"https:\/\/livelycity.com\/switzerland\/kommentar-kulturkampf-im-pentagon-hegseths-personalpolitik-schwacht-die-armee\/","title":{"rendered":"KOMMENTAR &#8211; Kulturkampf im Pentagon: Hegseths Personalpolitik schw\u00e4cht die Armee"},"content":{"rendered":"<p>Mitten im Iran-Krieg geht der personelle Aderlass im Departement des amerikanischen Verteidigungsministers weiter. Loyalit\u00e4t stellt er dabei \u00fcber Integrit\u00e4t und Qualifikation. Langfristig wird dies das Milit\u00e4r der Supermacht von innen aush\u00f6hlen und demoralisieren.<\/p>\n<p><a href=\"https:\/\/www.nzz.ch\/meinung\/kulturkampf-im-pentagon-hegseths-personalpolitik-schwaecht-die-armee-ld.10022253\" target=\"_blank\" class=\"\">https:\/\/www.nzz.ch\/meinung\/kulturkampf-im-pentagon-hegseths-personalpolitik-schwaecht-die-armee-ld.10022253<\/a>\u00a0<\/p>\n","protected":false},"excerpt":{"rendered":"<p>Mitten im Iran-Krieg geht der personelle Aderlass im Departement des amerikanischen Verteidigungsministers weiter. Loyalit\u00e4t stellt er dabei \u00fcber Integrit\u00e4t und Qualifikation. Langfristig wird dies das&#8230;<\/p>\n","protected":false},"author":0,"featured_media":546823,"comment_status":"closed","ping_status":"closed","sticky":false,"template":"","format":"standard","meta":{"_jetpack_memberships_contains_paid_content":false,"footnotes":""},"categories":[6],"tags":[],"class_list":["post-546822","post","type-post","status-publish","format-standard","has-post-thumbnail","hentry","category-neue-zurcher-zeitung","wpcat-6-id"],"jetpack_featured_media_url":"https:\/\/livelycity.com\/switzerland\/wp-content\/uploads\/2026\/09\/ab5edacb-d131-48e9-8a9e-4a54d2723bd0-ctfEnF.jpg","jetpack_sharing_enabled":true,"_links":{"self":[{"href":"https:\/\/livelycity.com\/switzerland\/wp-json\/wp\/v2\/posts\/546822","targetHints":{"allow":["GET"]}}],"collection":[{"href":"https:\/\/livelycity.com\/switzerland\/wp-json\/wp\/v2\/posts"}],"about":[{"href":"https:\/\/livelycity.com\/switzerland\/wp-json\/wp\/v2\/types\/post"}],"replies":[{"embeddable":true,"href":"https:\/\/livelycity.com\/switzerland\/wp-json\/wp\/v2\/comments?post=546822"}],"version-history":[{"count":0,"href":"https:\/\/livelycity.com\/switzerland\/wp-json\/wp\/v2\/posts\/546822\/revisions"}],"wp:featuredmedia":[{"embeddable":true,"href":"https:\/\/livelycity.com\/switzerland\/wp-json\/wp\/v2\/media\/546823"}],"wp:attachment":[{"href":"https:\/\/livelycity.com\/switzerland\/wp-json\/wp\/v2\/media?parent=546822"}],"wp:term":[{"taxonomy":"category","embeddable":true,"href":"https:\/\/livelycity.com\/switzerland\/wp-json\/wp\/v2\/categories?post=546822"},{"taxonomy":"post_tag","embeddable":true,"href":"https:\/\/livelycity.com\/switzerland\/wp-json\/wp\/v2\/tags?post=546822"}],"curies":[{"name":"wp","href":"https:\/\/api.w.org\/{rel}","templated":true}]}}