{"id":546816,"date":"2026-09-04T09:49:05","date_gmt":"2026-09-04T09:49:05","guid":{"rendered":"https:\/\/livelycity.com\/switzerland\/trump-und-marius-bei-haralds-beerdigung-ach-du-meine-gute\/"},"modified":"2026-09-04T09:49:05","modified_gmt":"2026-09-04T09:49:05","slug":"trump-und-marius-bei-haralds-beerdigung-ach-du-meine-gute","status":"publish","type":"post","link":"https:\/\/livelycity.com\/switzerland\/trump-und-marius-bei-haralds-beerdigung-ach-du-meine-gute\/","title":{"rendered":"Trump und Marius bei Haralds Beerdigung? \u00abAch du meine G\u00fcte\u00bb"},"content":{"rendered":"<p>Ob Donald Trump nach Oslo reist, ist offen. Sollte er kommen, k\u00f6nnte die Anwesenheit von Marius Borg H\u00f8iby f\u00fcr eine heikle Sicherheitsfrage sorgen.<\/p>\n<p><a href=\"https:\/\/www.20min.ch\/story\/haralds-beerdigung-trump-und-hoiby-koennten-sicherheitsfrage-ausloesen-103627360\" target=\"_blank\" class=\"\">https:\/\/www.20min.ch\/story\/haralds-beerdigung-trump-und-hoiby-koennten-sicherheitsfrage-ausloesen-103627360<\/a>\u00a0<\/p>\n","protected":false},"excerpt":{"rendered":"<p>Ob Donald Trump nach Oslo reist, ist offen. Sollte er kommen, k\u00f6nnte die Anwesenheit von Marius Borg H\u00f8iby f\u00fcr eine heikle Sicherheitsfrage sorgen. https:\/\/www.20min.ch\/story\/haralds-beerdigung-trump-und-hoiby-koennten-sicherheitsfrage-ausloesen-103627360\u00a0<\/p>\n","protected":false},"author":0,"featured_media":546771,"comment_status":"closed","ping_status":"closed","sticky":false,"template":"","format":"standard","meta":{"_jetpack_memberships_contains_paid_content":false,"footnotes":""},"categories":[3],"tags":[],"class_list":["post-546816","post","type-post","status-publish","format-standard","has-post-thumbnail","hentry","category-20-minuten","wpcat-3-id"],"jetpack_featured_media_url":"https:\/\/livelycity.com\/switzerland\/wp-content\/uploads\/2026\/09\/8c24bca8-9474-4262-aa5b-693c9bc8bad8-vklgjh.jpg","jetpack_sharing_enabled":true,"_links":{"self":[{"href":"https:\/\/livelycity.com\/switzerland\/wp-json\/wp\/v2\/posts\/546816","targetHints":{"allow":["GET"]}}],"collection":[{"href":"https:\/\/livelycity.com\/switzerland\/wp-json\/wp\/v2\/posts"}],"about":[{"href":"https:\/\/livelycity.com\/switzerland\/wp-json\/wp\/v2\/types\/post"}],"replies":[{"embeddable":true,"href":"https:\/\/livelycity.com\/switzerland\/wp-json\/wp\/v2\/comments?post=546816"}],"version-history":[{"count":0,"href":"https:\/\/livelycity.com\/switzerland\/wp-json\/wp\/v2\/posts\/546816\/revisions"}],"wp:featuredmedia":[{"embeddable":true,"href":"https:\/\/livelycity.com\/switzerland\/wp-json\/wp\/v2\/media\/546771"}],"wp:attachment":[{"href":"https:\/\/livelycity.com\/switzerland\/wp-json\/wp\/v2\/media?parent=546816"}],"wp:term":[{"taxonomy":"category","embeddable":true,"href":"https:\/\/livelycity.com\/switzerland\/wp-json\/wp\/v2\/categories?post=546816"},{"taxonomy":"post_tag","embeddable":true,"href":"https:\/\/livelycity.com\/switzerland\/wp-json\/wp\/v2\/tags?post=546816"}],"curies":[{"name":"wp","href":"https:\/\/api.w.org\/{rel}","templated":true}]}}