{"id":546761,"date":"2026-09-04T05:48:49","date_gmt":"2026-09-04T05:48:49","guid":{"rendered":"https:\/\/livelycity.com\/switzerland\/patriot-deal-mit-deutschland-geplatzt-es-drohen-hohe-mehrkosten\/"},"modified":"2026-09-04T05:48:49","modified_gmt":"2026-09-04T05:48:49","slug":"patriot-deal-mit-deutschland-geplatzt-es-drohen-hohe-mehrkosten","status":"publish","type":"post","link":"https:\/\/livelycity.com\/switzerland\/patriot-deal-mit-deutschland-geplatzt-es-drohen-hohe-mehrkosten\/","title":{"rendered":"Patriot-Deal mit Deutschland geplatzt \u2013 es drohen hohe Mehrkosten"},"content":{"rendered":"<p>Die Schweiz muss deutlich l\u00e4nger auf ihre Patriot-Systeme warten. Die ersten k\u00f6nnten fr\u00fchestens 2032 kommen. Gleichzeitig k\u00f6nnten sich die Kosten im schlimmsten Fall verdreifachen.<\/p>\n<p><a href=\"https:\/\/www.20min.ch\/story\/flugabwehr-patriot-deal-mit-deutschland-geplatzt-es-drohen-hohe-mehrkosten-103627303\" target=\"_blank\" class=\"\">https:\/\/www.20min.ch\/story\/flugabwehr-patriot-deal-mit-deutschland-geplatzt-es-drohen-hohe-mehrkosten-103627303<\/a>\u00a0<\/p>\n","protected":false},"excerpt":{"rendered":"<p>Die Schweiz muss deutlich l\u00e4nger auf ihre Patriot-Systeme warten. Die ersten k\u00f6nnten fr\u00fchestens 2032 kommen. Gleichzeitig k\u00f6nnten sich die Kosten im schlimmsten Fall verdreifachen. https:\/\/www.20min.ch\/story\/flugabwehr-patriot-deal-mit-deutschland-geplatzt-es-drohen-hohe-mehrkosten-103627303\u00a0<\/p>\n","protected":false},"author":0,"featured_media":546657,"comment_status":"closed","ping_status":"closed","sticky":false,"template":"","format":"standard","meta":{"_jetpack_memberships_contains_paid_content":false,"footnotes":""},"categories":[3],"tags":[],"class_list":["post-546761","post","type-post","status-publish","format-standard","has-post-thumbnail","hentry","category-20-minuten","wpcat-3-id"],"jetpack_featured_media_url":"https:\/\/livelycity.com\/switzerland\/wp-content\/uploads\/2026\/09\/73a3fb5a-8a95-4f62-9444-fe93b5517566-vKCFE5-scaled.jpg","jetpack_sharing_enabled":true,"_links":{"self":[{"href":"https:\/\/livelycity.com\/switzerland\/wp-json\/wp\/v2\/posts\/546761","targetHints":{"allow":["GET"]}}],"collection":[{"href":"https:\/\/livelycity.com\/switzerland\/wp-json\/wp\/v2\/posts"}],"about":[{"href":"https:\/\/livelycity.com\/switzerland\/wp-json\/wp\/v2\/types\/post"}],"replies":[{"embeddable":true,"href":"https:\/\/livelycity.com\/switzerland\/wp-json\/wp\/v2\/comments?post=546761"}],"version-history":[{"count":0,"href":"https:\/\/livelycity.com\/switzerland\/wp-json\/wp\/v2\/posts\/546761\/revisions"}],"wp:featuredmedia":[{"embeddable":true,"href":"https:\/\/livelycity.com\/switzerland\/wp-json\/wp\/v2\/media\/546657"}],"wp:attachment":[{"href":"https:\/\/livelycity.com\/switzerland\/wp-json\/wp\/v2\/media?parent=546761"}],"wp:term":[{"taxonomy":"category","embeddable":true,"href":"https:\/\/livelycity.com\/switzerland\/wp-json\/wp\/v2\/categories?post=546761"},{"taxonomy":"post_tag","embeddable":true,"href":"https:\/\/livelycity.com\/switzerland\/wp-json\/wp\/v2\/tags?post=546761"}],"curies":[{"name":"wp","href":"https:\/\/api.w.org\/{rel}","templated":true}]}}