{"id":546704,"date":"2026-09-04T07:19:00","date_gmt":"2026-09-04T07:19:00","guid":{"rendered":"https:\/\/livelycity.com\/switzerland\/hitze-das-denken-fallt-schwer-die-muskeln-krampfen-und-irgendwann-kann-das-herz-nicht-mehr\/"},"modified":"2026-09-04T07:19:00","modified_gmt":"2026-09-04T07:19:00","slug":"hitze-das-denken-fallt-schwer-die-muskeln-krampfen-und-irgendwann-kann-das-herz-nicht-mehr","status":"publish","type":"post","link":"https:\/\/livelycity.com\/switzerland\/hitze-das-denken-fallt-schwer-die-muskeln-krampfen-und-irgendwann-kann-das-herz-nicht-mehr\/","title":{"rendered":"Hitze: Das Denken f\u00e4llt schwer, die Muskeln krampfen, und irgendwann kann das Herz nicht mehr"},"content":{"rendered":"<p>Ab 25 Grad schl\u00e4gt das Herz schneller, ab 30 Grad wird das Denken tr\u00e4ge, ab 35 Grad kippt das k\u00f6rpereigene K\u00fchlsystem \u2014 und ab 40,5 Grad drohen Zellsch\u00e4den. Was bei Hitze im K\u00f6rper passiert und ab wann sie gef\u00e4hrlich wird: \u00fcber das nat\u00fcrliche K\u00fchlsystem des Menschen und seine Grenzen.<\/p>\n<p><a href=\"https:\/\/www.nzz.ch\/wissenschaft\/ab-wann-wird-hitze-gefaehrlich-und-was-passiert-im-koerper-ld.10019282\" target=\"_blank\" class=\"\">https:\/\/www.nzz.ch\/wissenschaft\/ab-wann-wird-hitze-gefaehrlich-und-was-passiert-im-koerper-ld.10019282<\/a>\u00a0<\/p>\n","protected":false},"excerpt":{"rendered":"<p>Ab 25 Grad schl\u00e4gt das Herz schneller, ab 30 Grad wird das Denken tr\u00e4ge, ab 35 Grad kippt das k\u00f6rpereigene K\u00fchlsystem \u2014 und ab 40,5&#8230;<\/p>\n","protected":false},"author":0,"featured_media":546705,"comment_status":"closed","ping_status":"closed","sticky":false,"template":"","format":"standard","meta":{"_jetpack_memberships_contains_paid_content":false,"footnotes":""},"categories":[6],"tags":[],"class_list":["post-546704","post","type-post","status-publish","format-standard","has-post-thumbnail","hentry","category-neue-zurcher-zeitung","wpcat-6-id"],"jetpack_featured_media_url":"https:\/\/livelycity.com\/switzerland\/wp-content\/uploads\/2026\/09\/988d8483-6fdb-48e4-a469-c4fee64ca5ae-Eo5PTl.jpg","jetpack_sharing_enabled":true,"_links":{"self":[{"href":"https:\/\/livelycity.com\/switzerland\/wp-json\/wp\/v2\/posts\/546704","targetHints":{"allow":["GET"]}}],"collection":[{"href":"https:\/\/livelycity.com\/switzerland\/wp-json\/wp\/v2\/posts"}],"about":[{"href":"https:\/\/livelycity.com\/switzerland\/wp-json\/wp\/v2\/types\/post"}],"replies":[{"embeddable":true,"href":"https:\/\/livelycity.com\/switzerland\/wp-json\/wp\/v2\/comments?post=546704"}],"version-history":[{"count":0,"href":"https:\/\/livelycity.com\/switzerland\/wp-json\/wp\/v2\/posts\/546704\/revisions"}],"wp:featuredmedia":[{"embeddable":true,"href":"https:\/\/livelycity.com\/switzerland\/wp-json\/wp\/v2\/media\/546705"}],"wp:attachment":[{"href":"https:\/\/livelycity.com\/switzerland\/wp-json\/wp\/v2\/media?parent=546704"}],"wp:term":[{"taxonomy":"category","embeddable":true,"href":"https:\/\/livelycity.com\/switzerland\/wp-json\/wp\/v2\/categories?post=546704"},{"taxonomy":"post_tag","embeddable":true,"href":"https:\/\/livelycity.com\/switzerland\/wp-json\/wp\/v2\/tags?post=546704"}],"curies":[{"name":"wp","href":"https:\/\/api.w.org\/{rel}","templated":true}]}}