{"id":546654,"date":"2026-09-04T05:49:16","date_gmt":"2026-09-04T05:49:16","guid":{"rendered":"https:\/\/livelycity.com\/switzerland\/kommentar-volkswagen-will-zwar-weitere-50-000-stellen-abbauen-doch-der-aufsichtsrat-druckt-sich-vor-den-harten-entscheiden\/"},"modified":"2026-09-04T05:49:16","modified_gmt":"2026-09-04T05:49:16","slug":"kommentar-volkswagen-will-zwar-weitere-50-000-stellen-abbauen-doch-der-aufsichtsrat-druckt-sich-vor-den-harten-entscheiden","status":"publish","type":"post","link":"https:\/\/livelycity.com\/switzerland\/kommentar-volkswagen-will-zwar-weitere-50-000-stellen-abbauen-doch-der-aufsichtsrat-druckt-sich-vor-den-harten-entscheiden\/","title":{"rendered":"KOMMENTAR &#8211; Volkswagen will zwar weitere 50\u2005000 Stellen abbauen: Doch der Aufsichtsrat dr\u00fcckt sich vor den harten Entscheiden"},"content":{"rendered":"<p>Europas gr\u00f6sster Autobauer hat immer noch zu grosse Produktionskapazit\u00e4ten. Die Arbeitnehmer in unrentablen Werken m\u00fcssen weiter bangen.<\/p>\n<p><a href=\"https:\/\/www.nzz.ch\/meinung\/volkswagen-will-zwar-weitere-50-000-stellen-abbauen-doch-der-vw-aufsichtsrat-drueckt-sich-vor-den-harten-entscheiden-ld.10022366\" target=\"_blank\" class=\"\">https:\/\/www.nzz.ch\/meinung\/volkswagen-will-zwar-weitere-50-000-stellen-abbauen-doch-der-vw-aufsichtsrat-drueckt-sich-vor-den-harten-entscheiden-ld.10022366<\/a>\u00a0<\/p>\n","protected":false},"excerpt":{"rendered":"<p>Europas gr\u00f6sster Autobauer hat immer noch zu grosse Produktionskapazit\u00e4ten. Die Arbeitnehmer in unrentablen Werken m\u00fcssen weiter bangen. https:\/\/www.nzz.ch\/meinung\/volkswagen-will-zwar-weitere-50-000-stellen-abbauen-doch-der-vw-aufsichtsrat-drueckt-sich-vor-den-harten-entscheiden-ld.10022366\u00a0<\/p>\n","protected":false},"author":0,"featured_media":546655,"comment_status":"closed","ping_status":"closed","sticky":false,"template":"","format":"standard","meta":{"_jetpack_memberships_contains_paid_content":false,"footnotes":""},"categories":[6],"tags":[],"class_list":["post-546654","post","type-post","status-publish","format-standard","has-post-thumbnail","hentry","category-neue-zurcher-zeitung","wpcat-6-id"],"jetpack_featured_media_url":"https:\/\/livelycity.com\/switzerland\/wp-content\/uploads\/2026\/09\/361a589f-5ad5-4c2d-96dd-346c954775ed-J2dA4z.jpg","jetpack_sharing_enabled":true,"_links":{"self":[{"href":"https:\/\/livelycity.com\/switzerland\/wp-json\/wp\/v2\/posts\/546654","targetHints":{"allow":["GET"]}}],"collection":[{"href":"https:\/\/livelycity.com\/switzerland\/wp-json\/wp\/v2\/posts"}],"about":[{"href":"https:\/\/livelycity.com\/switzerland\/wp-json\/wp\/v2\/types\/post"}],"replies":[{"embeddable":true,"href":"https:\/\/livelycity.com\/switzerland\/wp-json\/wp\/v2\/comments?post=546654"}],"version-history":[{"count":0,"href":"https:\/\/livelycity.com\/switzerland\/wp-json\/wp\/v2\/posts\/546654\/revisions"}],"wp:featuredmedia":[{"embeddable":true,"href":"https:\/\/livelycity.com\/switzerland\/wp-json\/wp\/v2\/media\/546655"}],"wp:attachment":[{"href":"https:\/\/livelycity.com\/switzerland\/wp-json\/wp\/v2\/media?parent=546654"}],"wp:term":[{"taxonomy":"category","embeddable":true,"href":"https:\/\/livelycity.com\/switzerland\/wp-json\/wp\/v2\/categories?post=546654"},{"taxonomy":"post_tag","embeddable":true,"href":"https:\/\/livelycity.com\/switzerland\/wp-json\/wp\/v2\/tags?post=546654"}],"curies":[{"name":"wp","href":"https:\/\/api.w.org\/{rel}","templated":true}]}}