{"id":546587,"date":"2026-09-04T03:35:00","date_gmt":"2026-09-04T03:35:00","guid":{"rendered":"https:\/\/livelycity.com\/switzerland\/kommentar-im-nahen-osten-entsteht-eine-neue-ordnung-friedlicher-wird-die-region-deshalb-aber-nicht\/"},"modified":"2026-09-04T03:35:00","modified_gmt":"2026-09-04T03:35:00","slug":"kommentar-im-nahen-osten-entsteht-eine-neue-ordnung-friedlicher-wird-die-region-deshalb-aber-nicht","status":"publish","type":"post","link":"https:\/\/livelycity.com\/switzerland\/kommentar-im-nahen-osten-entsteht-eine-neue-ordnung-friedlicher-wird-die-region-deshalb-aber-nicht\/","title":{"rendered":"KOMMENTAR &#8211; Im Nahen Osten entsteht eine neue Ordnung. Friedlicher wird die Region deshalb aber nicht"},"content":{"rendered":"<p>Der Mekka-Pakt zwischen Saudiarabien, der T\u00fcrkei und Pakistan zeigt: Im Nahen Osten \u00fcbernehmen jetzt die Sunniten die Macht. Mehr Sicherheit entsteht dadurch aber nicht. Daf\u00fcr brauchen die Araber einen Mentalit\u00e4tswandel.<\/p>\n<p><a href=\"https:\/\/www.nzz.ch\/meinung\/im-nahen-osten-entsteht-eine-neue-ordnung-friedlicher-wird-die-region-deshalb-aber-nicht-ld.10022094\" target=\"_blank\" class=\"\">https:\/\/www.nzz.ch\/meinung\/im-nahen-osten-entsteht-eine-neue-ordnung-friedlicher-wird-die-region-deshalb-aber-nicht-ld.10022094<\/a>\u00a0<\/p>\n","protected":false},"excerpt":{"rendered":"<p>Der Mekka-Pakt zwischen Saudiarabien, der T\u00fcrkei und Pakistan zeigt: Im Nahen Osten \u00fcbernehmen jetzt die Sunniten die Macht. Mehr Sicherheit entsteht dadurch aber nicht. Daf\u00fcr&#8230;<\/p>\n","protected":false},"author":0,"featured_media":546588,"comment_status":"closed","ping_status":"closed","sticky":false,"template":"","format":"standard","meta":{"_jetpack_memberships_contains_paid_content":false,"footnotes":""},"categories":[6],"tags":[],"class_list":["post-546587","post","type-post","status-publish","format-standard","has-post-thumbnail","hentry","category-neue-zurcher-zeitung","wpcat-6-id"],"jetpack_featured_media_url":"https:\/\/livelycity.com\/switzerland\/wp-content\/uploads\/2026\/09\/4e4db5f6-15eb-4c72-bb79-48e9f9ef3d29-rw9O6V.jpg","jetpack_sharing_enabled":true,"_links":{"self":[{"href":"https:\/\/livelycity.com\/switzerland\/wp-json\/wp\/v2\/posts\/546587","targetHints":{"allow":["GET"]}}],"collection":[{"href":"https:\/\/livelycity.com\/switzerland\/wp-json\/wp\/v2\/posts"}],"about":[{"href":"https:\/\/livelycity.com\/switzerland\/wp-json\/wp\/v2\/types\/post"}],"replies":[{"embeddable":true,"href":"https:\/\/livelycity.com\/switzerland\/wp-json\/wp\/v2\/comments?post=546587"}],"version-history":[{"count":0,"href":"https:\/\/livelycity.com\/switzerland\/wp-json\/wp\/v2\/posts\/546587\/revisions"}],"wp:featuredmedia":[{"embeddable":true,"href":"https:\/\/livelycity.com\/switzerland\/wp-json\/wp\/v2\/media\/546588"}],"wp:attachment":[{"href":"https:\/\/livelycity.com\/switzerland\/wp-json\/wp\/v2\/media?parent=546587"}],"wp:term":[{"taxonomy":"category","embeddable":true,"href":"https:\/\/livelycity.com\/switzerland\/wp-json\/wp\/v2\/categories?post=546587"},{"taxonomy":"post_tag","embeddable":true,"href":"https:\/\/livelycity.com\/switzerland\/wp-json\/wp\/v2\/tags?post=546587"}],"curies":[{"name":"wp","href":"https:\/\/api.w.org\/{rel}","templated":true}]}}