{"id":546421,"date":"2026-09-03T20:24:51","date_gmt":"2026-09-03T20:24:51","guid":{"rendered":"https:\/\/livelycity.com\/switzerland\/uberraschende-einigung-bei-vw-aufsichtsrat-stimmt-plan-des-vorstands-einstimmig-zu\/"},"modified":"2026-09-03T20:24:51","modified_gmt":"2026-09-03T20:24:51","slug":"uberraschende-einigung-bei-vw-aufsichtsrat-stimmt-plan-des-vorstands-einstimmig-zu","status":"publish","type":"post","link":"https:\/\/livelycity.com\/switzerland\/uberraschende-einigung-bei-vw-aufsichtsrat-stimmt-plan-des-vorstands-einstimmig-zu\/","title":{"rendered":"\u00dcberraschende Einigung bei VW: Aufsichtsrat stimmt Plan des Vorstands einstimmig zu"},"content":{"rendered":"<p>\u00dcber Tage sah es nach Eskalation aus, jetzt ist sie in letzter Minute abgewendet. Bis 2030 wird Europas gr\u00f6sster Autobauer 50\u2005000 weitere Stellen abbauen. Bei einem anderen besonders kritischen Punkt gibt es noch kein endg\u00fcltiges Ergebnis.<\/p>\n<p><a href=\"https:\/\/www.nzz.ch\/wirtschaft\/ueberraschende-einigung-bei-vw-aufsichtsrat-stimmt-plan-des-vorstands-einstimmig-zu-ld.10022363\" target=\"_blank\" class=\"\">https:\/\/www.nzz.ch\/wirtschaft\/ueberraschende-einigung-bei-vw-aufsichtsrat-stimmt-plan-des-vorstands-einstimmig-zu-ld.10022363<\/a>\u00a0<\/p>\n","protected":false},"excerpt":{"rendered":"<p>\u00dcber Tage sah es nach Eskalation aus, jetzt ist sie in letzter Minute abgewendet. Bis 2030 wird Europas gr\u00f6sster Autobauer 50\u2005000 weitere Stellen abbauen. Bei&#8230;<\/p>\n","protected":false},"author":0,"featured_media":546422,"comment_status":"closed","ping_status":"closed","sticky":false,"template":"","format":"standard","meta":{"_jetpack_memberships_contains_paid_content":false,"footnotes":""},"categories":[6],"tags":[],"class_list":["post-546421","post","type-post","status-publish","format-standard","has-post-thumbnail","hentry","category-neue-zurcher-zeitung","wpcat-6-id"],"jetpack_featured_media_url":"https:\/\/livelycity.com\/switzerland\/wp-content\/uploads\/2026\/09\/7c28a87d-5fb0-4494-b1d7-59c432a9ec1e-v14uTR.jpg","jetpack_sharing_enabled":true,"_links":{"self":[{"href":"https:\/\/livelycity.com\/switzerland\/wp-json\/wp\/v2\/posts\/546421","targetHints":{"allow":["GET"]}}],"collection":[{"href":"https:\/\/livelycity.com\/switzerland\/wp-json\/wp\/v2\/posts"}],"about":[{"href":"https:\/\/livelycity.com\/switzerland\/wp-json\/wp\/v2\/types\/post"}],"replies":[{"embeddable":true,"href":"https:\/\/livelycity.com\/switzerland\/wp-json\/wp\/v2\/comments?post=546421"}],"version-history":[{"count":0,"href":"https:\/\/livelycity.com\/switzerland\/wp-json\/wp\/v2\/posts\/546421\/revisions"}],"wp:featuredmedia":[{"embeddable":true,"href":"https:\/\/livelycity.com\/switzerland\/wp-json\/wp\/v2\/media\/546422"}],"wp:attachment":[{"href":"https:\/\/livelycity.com\/switzerland\/wp-json\/wp\/v2\/media?parent=546421"}],"wp:term":[{"taxonomy":"category","embeddable":true,"href":"https:\/\/livelycity.com\/switzerland\/wp-json\/wp\/v2\/categories?post=546421"},{"taxonomy":"post_tag","embeddable":true,"href":"https:\/\/livelycity.com\/switzerland\/wp-json\/wp\/v2\/tags?post=546421"}],"curies":[{"name":"wp","href":"https:\/\/api.w.org\/{rel}","templated":true}]}}