{"id":546392,"date":"2026-09-03T16:46:08","date_gmt":"2026-09-03T16:46:08","guid":{"rendered":"https:\/\/livelycity.com\/switzerland\/2021-loschte-lumino-die-lampen-dann-kamen-die-diebstahle\/"},"modified":"2026-09-03T16:46:08","modified_gmt":"2026-09-03T16:46:08","slug":"2021-loschte-lumino-die-lampen-dann-kamen-die-diebstahle","status":"publish","type":"post","link":"https:\/\/livelycity.com\/switzerland\/2021-loschte-lumino-die-lampen-dann-kamen-die-diebstahle\/","title":{"rendered":"2021 l\u00f6schte Lumino die Lampen \u2013 dann kamen die Diebst\u00e4hle"},"content":{"rendered":"<p>Vor f\u00fcnf Jahren forderten Anwohner der Gemeinde Lumino das Abstellen der Strassenlampen in der Nacht. Nach mehreren Diebst\u00e4hlen in der N\u00e4he wollen sie das Licht nun zur\u00fcck.<\/p>\n<p><a href=\"https:\/\/www.20min.ch\/story\/tessin-will-licht-zurueck-2021-loeschte-lumino-die-lampen-dann-kamen-die-diebstaehle-103627088\" target=\"_blank\" class=\"\">https:\/\/www.20min.ch\/story\/tessin-will-licht-zurueck-2021-loeschte-lumino-die-lampen-dann-kamen-die-diebstaehle-103627088<\/a>\u00a0<\/p>\n","protected":false},"excerpt":{"rendered":"<p>Vor f\u00fcnf Jahren forderten Anwohner der Gemeinde Lumino das Abstellen der Strassenlampen in der Nacht. Nach mehreren Diebst\u00e4hlen in der N\u00e4he wollen sie das Licht&#8230;<\/p>\n","protected":false},"author":0,"featured_media":546320,"comment_status":"closed","ping_status":"closed","sticky":false,"template":"","format":"standard","meta":{"_jetpack_memberships_contains_paid_content":false,"footnotes":""},"categories":[3],"tags":[],"class_list":["post-546392","post","type-post","status-publish","format-standard","has-post-thumbnail","hentry","category-20-minuten","wpcat-3-id"],"jetpack_featured_media_url":"https:\/\/livelycity.com\/switzerland\/wp-content\/uploads\/2026\/09\/fd1a9811-3421-470c-8c6e-5374c1b8479a-Z2fVCi.png","jetpack_sharing_enabled":true,"_links":{"self":[{"href":"https:\/\/livelycity.com\/switzerland\/wp-json\/wp\/v2\/posts\/546392","targetHints":{"allow":["GET"]}}],"collection":[{"href":"https:\/\/livelycity.com\/switzerland\/wp-json\/wp\/v2\/posts"}],"about":[{"href":"https:\/\/livelycity.com\/switzerland\/wp-json\/wp\/v2\/types\/post"}],"replies":[{"embeddable":true,"href":"https:\/\/livelycity.com\/switzerland\/wp-json\/wp\/v2\/comments?post=546392"}],"version-history":[{"count":0,"href":"https:\/\/livelycity.com\/switzerland\/wp-json\/wp\/v2\/posts\/546392\/revisions"}],"wp:featuredmedia":[{"embeddable":true,"href":"https:\/\/livelycity.com\/switzerland\/wp-json\/wp\/v2\/media\/546320"}],"wp:attachment":[{"href":"https:\/\/livelycity.com\/switzerland\/wp-json\/wp\/v2\/media?parent=546392"}],"wp:term":[{"taxonomy":"category","embeddable":true,"href":"https:\/\/livelycity.com\/switzerland\/wp-json\/wp\/v2\/categories?post=546392"},{"taxonomy":"post_tag","embeddable":true,"href":"https:\/\/livelycity.com\/switzerland\/wp-json\/wp\/v2\/tags?post=546392"}],"curies":[{"name":"wp","href":"https:\/\/api.w.org\/{rel}","templated":true}]}}