{"id":546390,"date":"2026-09-03T17:24:34","date_gmt":"2026-09-03T17:24:34","guid":{"rendered":"https:\/\/livelycity.com\/switzerland\/verdachtige-spende-neue-vorwurfe-gegen-valerie-dittli\/"},"modified":"2026-09-03T17:24:34","modified_gmt":"2026-09-03T17:24:34","slug":"verdachtige-spende-neue-vorwurfe-gegen-valerie-dittli","status":"publish","type":"post","link":"https:\/\/livelycity.com\/switzerland\/verdachtige-spende-neue-vorwurfe-gegen-valerie-dittli\/","title":{"rendered":"Verd\u00e4chtige Spende: Neue Vorw\u00fcrfe gegen Val\u00e9rie Dittli"},"content":{"rendered":"<p>Einen Tag, nachdem Dittli ein 17-Millionen-Franken-Hilfspaket verk\u00fcndete, zahlte ein Waadtl\u00e4nder Unternehmer einen Grossteil einer fast 20&#8217;000-Franken-Spende auf ein Parteikonto ein.<\/p>\n<p><a href=\"https:\/\/www.20min.ch\/story\/valerie-dittli-neue-vorwuerfe-wegen-spenden-von-fast-20-000-franken-103627100\" target=\"_blank\" class=\"\">https:\/\/www.20min.ch\/story\/valerie-dittli-neue-vorwuerfe-wegen-spenden-von-fast-20-000-franken-103627100<\/a>\u00a0<\/p>\n","protected":false},"excerpt":{"rendered":"<p>Einen Tag, nachdem Dittli ein 17-Millionen-Franken-Hilfspaket verk\u00fcndete, zahlte ein Waadtl\u00e4nder Unternehmer einen Grossteil einer fast 20&#8217;000-Franken-Spende auf ein Parteikonto ein. https:\/\/www.20min.ch\/story\/valerie-dittli-neue-vorwuerfe-wegen-spenden-von-fast-20-000-franken-103627100\u00a0<\/p>\n","protected":false},"author":0,"featured_media":546347,"comment_status":"closed","ping_status":"closed","sticky":false,"template":"","format":"standard","meta":{"_jetpack_memberships_contains_paid_content":false,"footnotes":""},"categories":[3],"tags":[],"class_list":["post-546390","post","type-post","status-publish","format-standard","has-post-thumbnail","hentry","category-20-minuten","wpcat-3-id"],"jetpack_featured_media_url":"https:\/\/livelycity.com\/switzerland\/wp-content\/uploads\/2026\/09\/523b751a-d7fc-4bba-98f1-996783d63899-FFjU05-scaled.jpg","jetpack_sharing_enabled":true,"_links":{"self":[{"href":"https:\/\/livelycity.com\/switzerland\/wp-json\/wp\/v2\/posts\/546390","targetHints":{"allow":["GET"]}}],"collection":[{"href":"https:\/\/livelycity.com\/switzerland\/wp-json\/wp\/v2\/posts"}],"about":[{"href":"https:\/\/livelycity.com\/switzerland\/wp-json\/wp\/v2\/types\/post"}],"replies":[{"embeddable":true,"href":"https:\/\/livelycity.com\/switzerland\/wp-json\/wp\/v2\/comments?post=546390"}],"version-history":[{"count":0,"href":"https:\/\/livelycity.com\/switzerland\/wp-json\/wp\/v2\/posts\/546390\/revisions"}],"wp:featuredmedia":[{"embeddable":true,"href":"https:\/\/livelycity.com\/switzerland\/wp-json\/wp\/v2\/media\/546347"}],"wp:attachment":[{"href":"https:\/\/livelycity.com\/switzerland\/wp-json\/wp\/v2\/media?parent=546390"}],"wp:term":[{"taxonomy":"category","embeddable":true,"href":"https:\/\/livelycity.com\/switzerland\/wp-json\/wp\/v2\/categories?post=546390"},{"taxonomy":"post_tag","embeddable":true,"href":"https:\/\/livelycity.com\/switzerland\/wp-json\/wp\/v2\/tags?post=546390"}],"curies":[{"name":"wp","href":"https:\/\/api.w.org\/{rel}","templated":true}]}}