{"id":546370,"date":"2026-09-03T18:33:35","date_gmt":"2026-09-03T18:33:35","guid":{"rendered":"https:\/\/livelycity.com\/switzerland\/open-ai-stellt-das-neue-modell-astra-fur-kunstliche-intelligenz-vor-und-beansprucht-damit-die-technologische-fuhrung\/"},"modified":"2026-09-03T18:33:35","modified_gmt":"2026-09-03T18:33:35","slug":"open-ai-stellt-das-neue-modell-astra-fur-kunstliche-intelligenz-vor-und-beansprucht-damit-die-technologische-fuhrung","status":"publish","type":"post","link":"https:\/\/livelycity.com\/switzerland\/open-ai-stellt-das-neue-modell-astra-fur-kunstliche-intelligenz-vor-und-beansprucht-damit-die-technologische-fuhrung\/","title":{"rendered":"Open AI stellt das neue Modell \u00abAstra\u00bb f\u00fcr k\u00fcnstliche Intelligenz vor und beansprucht damit die technologische F\u00fchrung"},"content":{"rendered":"<p>Die neue Version \u00abGPT-6 Astra\u00bb soll laut dem Hersteller das intelligenteste und am besten abgestimmte Modell von Open AI sein.<\/p>\n<p><a href=\"https:\/\/www.nzz.ch\/wirtschaft\/open-ai-stellt-das-neue-modell-astra-fuer-kuenstliche-intelligenz-vor-und-beansprucht-damit-die-technologische-fuehrung-ld.10022357\" target=\"_blank\" class=\"\">https:\/\/www.nzz.ch\/wirtschaft\/open-ai-stellt-das-neue-modell-astra-fuer-kuenstliche-intelligenz-vor-und-beansprucht-damit-die-technologische-fuehrung-ld.10022357<\/a>\u00a0<\/p>\n","protected":false},"excerpt":{"rendered":"<p>Die neue Version \u00abGPT-6 Astra\u00bb soll laut dem Hersteller das intelligenteste und am besten abgestimmte Modell von Open AI sein. https:\/\/www.nzz.ch\/wirtschaft\/open-ai-stellt-das-neue-modell-astra-fuer-kuenstliche-intelligenz-vor-und-beansprucht-damit-die-technologische-fuehrung-ld.10022357\u00a0<\/p>\n","protected":false},"author":0,"featured_media":546371,"comment_status":"closed","ping_status":"closed","sticky":false,"template":"","format":"standard","meta":{"_jetpack_memberships_contains_paid_content":false,"footnotes":""},"categories":[6],"tags":[],"class_list":["post-546370","post","type-post","status-publish","format-standard","has-post-thumbnail","hentry","category-neue-zurcher-zeitung","wpcat-6-id"],"jetpack_featured_media_url":"https:\/\/livelycity.com\/switzerland\/wp-content\/uploads\/2026\/09\/f7400c2d-c50a-44bf-8aa5-5ef9c5dd038b-5lbqAK.jpg","jetpack_sharing_enabled":true,"_links":{"self":[{"href":"https:\/\/livelycity.com\/switzerland\/wp-json\/wp\/v2\/posts\/546370","targetHints":{"allow":["GET"]}}],"collection":[{"href":"https:\/\/livelycity.com\/switzerland\/wp-json\/wp\/v2\/posts"}],"about":[{"href":"https:\/\/livelycity.com\/switzerland\/wp-json\/wp\/v2\/types\/post"}],"replies":[{"embeddable":true,"href":"https:\/\/livelycity.com\/switzerland\/wp-json\/wp\/v2\/comments?post=546370"}],"version-history":[{"count":0,"href":"https:\/\/livelycity.com\/switzerland\/wp-json\/wp\/v2\/posts\/546370\/revisions"}],"wp:featuredmedia":[{"embeddable":true,"href":"https:\/\/livelycity.com\/switzerland\/wp-json\/wp\/v2\/media\/546371"}],"wp:attachment":[{"href":"https:\/\/livelycity.com\/switzerland\/wp-json\/wp\/v2\/media?parent=546370"}],"wp:term":[{"taxonomy":"category","embeddable":true,"href":"https:\/\/livelycity.com\/switzerland\/wp-json\/wp\/v2\/categories?post=546370"},{"taxonomy":"post_tag","embeddable":true,"href":"https:\/\/livelycity.com\/switzerland\/wp-json\/wp\/v2\/tags?post=546370"}],"curies":[{"name":"wp","href":"https:\/\/api.w.org\/{rel}","templated":true}]}}