{"id":546342,"date":"2026-09-03T16:38:58","date_gmt":"2026-09-03T16:38:58","guid":{"rendered":"https:\/\/livelycity.com\/switzerland\/brandanschlage-auf-rustungsfirmen-politisches-motiv-vermutet\/"},"modified":"2026-09-03T16:38:58","modified_gmt":"2026-09-03T16:38:58","slug":"brandanschlage-auf-rustungsfirmen-politisches-motiv-vermutet","status":"publish","type":"post","link":"https:\/\/livelycity.com\/switzerland\/brandanschlage-auf-rustungsfirmen-politisches-motiv-vermutet\/","title":{"rendered":"Brandanschl\u00e4ge auf R\u00fcstungsfirmen: Politisches Motiv vermutet"},"content":{"rendered":"<p>Nachdem in M\u00fcnchen Brands\u00e4tze nahe R\u00fcstungsfirmen sichergestellt worden sind, hat die Polizei zwei bulgarische Staatsb\u00fcrger festgenommen. Zum m\u00f6glichen Motiv machen die Ermittler keine genauen Angaben.<\/p>\n<p><a href=\"https:\/\/www.20min.ch\/story\/muenchen-de-brandanschlaege-auf-ruestungsfirmen-politisches-motiv-vermutet-103627097\" target=\"_blank\" class=\"\">https:\/\/www.20min.ch\/story\/muenchen-de-brandanschlaege-auf-ruestungsfirmen-politisches-motiv-vermutet-103627097<\/a>\u00a0<\/p>\n","protected":false},"excerpt":{"rendered":"<p>Nachdem in M\u00fcnchen Brands\u00e4tze nahe R\u00fcstungsfirmen sichergestellt worden sind, hat die Polizei zwei bulgarische Staatsb\u00fcrger festgenommen. Zum m\u00f6glichen Motiv machen die Ermittler keine genauen Angaben&#8230;.<\/p>\n","protected":false},"author":0,"featured_media":546322,"comment_status":"closed","ping_status":"closed","sticky":false,"template":"","format":"standard","meta":{"_jetpack_memberships_contains_paid_content":false,"footnotes":""},"categories":[3],"tags":[],"class_list":["post-546342","post","type-post","status-publish","format-standard","has-post-thumbnail","hentry","category-20-minuten","wpcat-3-id"],"jetpack_featured_media_url":"https:\/\/livelycity.com\/switzerland\/wp-content\/uploads\/2026\/09\/d639b33e-c234-4ee9-9482-6818a0e4ba0a-7ZtrXc-scaled.jpg","jetpack_sharing_enabled":true,"_links":{"self":[{"href":"https:\/\/livelycity.com\/switzerland\/wp-json\/wp\/v2\/posts\/546342","targetHints":{"allow":["GET"]}}],"collection":[{"href":"https:\/\/livelycity.com\/switzerland\/wp-json\/wp\/v2\/posts"}],"about":[{"href":"https:\/\/livelycity.com\/switzerland\/wp-json\/wp\/v2\/types\/post"}],"replies":[{"embeddable":true,"href":"https:\/\/livelycity.com\/switzerland\/wp-json\/wp\/v2\/comments?post=546342"}],"version-history":[{"count":0,"href":"https:\/\/livelycity.com\/switzerland\/wp-json\/wp\/v2\/posts\/546342\/revisions"}],"wp:featuredmedia":[{"embeddable":true,"href":"https:\/\/livelycity.com\/switzerland\/wp-json\/wp\/v2\/media\/546322"}],"wp:attachment":[{"href":"https:\/\/livelycity.com\/switzerland\/wp-json\/wp\/v2\/media?parent=546342"}],"wp:term":[{"taxonomy":"category","embeddable":true,"href":"https:\/\/livelycity.com\/switzerland\/wp-json\/wp\/v2\/categories?post=546342"},{"taxonomy":"post_tag","embeddable":true,"href":"https:\/\/livelycity.com\/switzerland\/wp-json\/wp\/v2\/tags?post=546342"}],"curies":[{"name":"wp","href":"https:\/\/api.w.org\/{rel}","templated":true}]}}