{"id":546316,"date":"2026-09-03T15:28:02","date_gmt":"2026-09-03T15:28:02","guid":{"rendered":"https:\/\/livelycity.com\/switzerland\/bald-konnte-die-langstrasse-zum-unesco-weltkulturerbe-gehoren\/"},"modified":"2026-09-03T15:28:02","modified_gmt":"2026-09-03T15:28:02","slug":"bald-konnte-die-langstrasse-zum-unesco-weltkulturerbe-gehoren","status":"publish","type":"post","link":"https:\/\/livelycity.com\/switzerland\/bald-konnte-die-langstrasse-zum-unesco-weltkulturerbe-gehoren\/","title":{"rendered":"Bald k\u00f6nnte die Langstrasse zum Unesco-Weltkulturerbe geh\u00f6ren"},"content":{"rendered":"<p>Die Betreiber der Ol\u00e9-Ol\u00e9-Bar an der Z\u00fcrcher Langstrasse haben eine Petition lanciert, um die bekannteste Ausgangsmeile der Stadt ins Unesco-Weltkulturerbe aufzunehmen. Jetzt pr\u00fcft der Stadtrat den Antrag.<\/p>\n<p><a href=\"https:\/\/www.20min.ch\/story\/langstrasse-als-unesco-weltkulturerbe-stadtrat-muss-petition-pruefen-103626816\" target=\"_blank\" class=\"\">https:\/\/www.20min.ch\/story\/langstrasse-als-unesco-weltkulturerbe-stadtrat-muss-petition-pruefen-103626816<\/a>\u00a0<\/p>\n","protected":false},"excerpt":{"rendered":"<p>Die Betreiber der Ol\u00e9-Ol\u00e9-Bar an der Z\u00fcrcher Langstrasse haben eine Petition lanciert, um die bekannteste Ausgangsmeile der Stadt ins Unesco-Weltkulturerbe aufzunehmen. Jetzt pr\u00fcft der Stadtrat&#8230;<\/p>\n","protected":false},"author":0,"featured_media":546296,"comment_status":"closed","ping_status":"closed","sticky":false,"template":"","format":"standard","meta":{"_jetpack_memberships_contains_paid_content":false,"footnotes":""},"categories":[3],"tags":[],"class_list":["post-546316","post","type-post","status-publish","format-standard","has-post-thumbnail","hentry","category-20-minuten","wpcat-3-id"],"jetpack_featured_media_url":"https:\/\/livelycity.com\/switzerland\/wp-content\/uploads\/2026\/09\/7ad842b1-b560-4ec6-b993-8693615a4b25-H3ZbDj-scaled.jpg","jetpack_sharing_enabled":true,"_links":{"self":[{"href":"https:\/\/livelycity.com\/switzerland\/wp-json\/wp\/v2\/posts\/546316","targetHints":{"allow":["GET"]}}],"collection":[{"href":"https:\/\/livelycity.com\/switzerland\/wp-json\/wp\/v2\/posts"}],"about":[{"href":"https:\/\/livelycity.com\/switzerland\/wp-json\/wp\/v2\/types\/post"}],"replies":[{"embeddable":true,"href":"https:\/\/livelycity.com\/switzerland\/wp-json\/wp\/v2\/comments?post=546316"}],"version-history":[{"count":0,"href":"https:\/\/livelycity.com\/switzerland\/wp-json\/wp\/v2\/posts\/546316\/revisions"}],"wp:featuredmedia":[{"embeddable":true,"href":"https:\/\/livelycity.com\/switzerland\/wp-json\/wp\/v2\/media\/546296"}],"wp:attachment":[{"href":"https:\/\/livelycity.com\/switzerland\/wp-json\/wp\/v2\/media?parent=546316"}],"wp:term":[{"taxonomy":"category","embeddable":true,"href":"https:\/\/livelycity.com\/switzerland\/wp-json\/wp\/v2\/categories?post=546316"},{"taxonomy":"post_tag","embeddable":true,"href":"https:\/\/livelycity.com\/switzerland\/wp-json\/wp\/v2\/tags?post=546316"}],"curies":[{"name":"wp","href":"https:\/\/api.w.org\/{rel}","templated":true}]}}