{"id":546314,"date":"2026-09-03T16:11:56","date_gmt":"2026-09-03T16:11:56","guid":{"rendered":"https:\/\/livelycity.com\/switzerland\/sehr-beangstigend-sorge-um-olympia-superstar-nach-ublem-crash\/"},"modified":"2026-09-03T16:11:56","modified_gmt":"2026-09-03T16:11:56","slug":"sehr-beangstigend-sorge-um-olympia-superstar-nach-ublem-crash","status":"publish","type":"post","link":"https:\/\/livelycity.com\/switzerland\/sehr-beangstigend-sorge-um-olympia-superstar-nach-ublem-crash\/","title":{"rendered":"\u00abSehr be\u00e4ngstigend\u00bb: Sorge um Olympia-Superstar nach \u00fcblem Crash"},"content":{"rendered":"<p>Weitsprung-Star Tara Davis-Woodhall spricht nach einem schweren Verkehrsunfall \u00fcber die psychischen Folgen. K\u00f6rperlich geht es ihr inzwischen besser.<\/p>\n<p><a href=\"https:\/\/www.20min.ch\/story\/frontal-crash-sehr-beaengstigend-sorge-um-olympia-superstar-nach-ueblem-crash-103627057\" target=\"_blank\" class=\"\">https:\/\/www.20min.ch\/story\/frontal-crash-sehr-beaengstigend-sorge-um-olympia-superstar-nach-ueblem-crash-103627057<\/a>\u00a0<\/p>\n","protected":false},"excerpt":{"rendered":"<p>Weitsprung-Star Tara Davis-Woodhall spricht nach einem schweren Verkehrsunfall \u00fcber die psychischen Folgen. K\u00f6rperlich geht es ihr inzwischen besser. https:\/\/www.20min.ch\/story\/frontal-crash-sehr-beaengstigend-sorge-um-olympia-superstar-nach-ueblem-crash-103627057\u00a0<\/p>\n","protected":false},"author":0,"featured_media":546294,"comment_status":"closed","ping_status":"closed","sticky":false,"template":"","format":"standard","meta":{"_jetpack_memberships_contains_paid_content":false,"footnotes":""},"categories":[3],"tags":[],"class_list":["post-546314","post","type-post","status-publish","format-standard","has-post-thumbnail","hentry","category-20-minuten","wpcat-3-id"],"jetpack_featured_media_url":"https:\/\/livelycity.com\/switzerland\/wp-content\/uploads\/2026\/09\/1ed79c5f-db3c-455d-ab12-db885acc0dec-drER2t.jpg","jetpack_sharing_enabled":true,"_links":{"self":[{"href":"https:\/\/livelycity.com\/switzerland\/wp-json\/wp\/v2\/posts\/546314","targetHints":{"allow":["GET"]}}],"collection":[{"href":"https:\/\/livelycity.com\/switzerland\/wp-json\/wp\/v2\/posts"}],"about":[{"href":"https:\/\/livelycity.com\/switzerland\/wp-json\/wp\/v2\/types\/post"}],"replies":[{"embeddable":true,"href":"https:\/\/livelycity.com\/switzerland\/wp-json\/wp\/v2\/comments?post=546314"}],"version-history":[{"count":0,"href":"https:\/\/livelycity.com\/switzerland\/wp-json\/wp\/v2\/posts\/546314\/revisions"}],"wp:featuredmedia":[{"embeddable":true,"href":"https:\/\/livelycity.com\/switzerland\/wp-json\/wp\/v2\/media\/546294"}],"wp:attachment":[{"href":"https:\/\/livelycity.com\/switzerland\/wp-json\/wp\/v2\/media?parent=546314"}],"wp:term":[{"taxonomy":"category","embeddable":true,"href":"https:\/\/livelycity.com\/switzerland\/wp-json\/wp\/v2\/categories?post=546314"},{"taxonomy":"post_tag","embeddable":true,"href":"https:\/\/livelycity.com\/switzerland\/wp-json\/wp\/v2\/tags?post=546314"}],"curies":[{"name":"wp","href":"https:\/\/api.w.org\/{rel}","templated":true}]}}