{"id":546291,"date":"2026-09-03T15:35:15","date_gmt":"2026-09-03T15:35:15","guid":{"rendered":"https:\/\/livelycity.com\/switzerland\/kommentar-welthandel-der-westen-darf-china-nicht-auf-den-leim-kriechen\/"},"modified":"2026-09-03T15:35:15","modified_gmt":"2026-09-03T15:35:15","slug":"kommentar-welthandel-der-westen-darf-china-nicht-auf-den-leim-kriechen","status":"publish","type":"post","link":"https:\/\/livelycity.com\/switzerland\/kommentar-welthandel-der-westen-darf-china-nicht-auf-den-leim-kriechen\/","title":{"rendered":"KOMMENTAR &#8211; Welthandel: Der Westen darf China nicht auf den Leim kriechen"},"content":{"rendered":"<p>China flutet die Weltm\u00e4rkte mit subventionierter Ware. In der G-20 schwindet das Verst\u00e4ndnis f\u00fcr diese Wettbewerbsverzerrung. Das l\u00e4sst hoffen.<\/p>\n<p><a href=\"https:\/\/www.nzz.ch\/meinung\/welthandel-der-westen-darf-china-nicht-auf-den-leim-kriechen-ld.10022239\" target=\"_blank\" class=\"\">https:\/\/www.nzz.ch\/meinung\/welthandel-der-westen-darf-china-nicht-auf-den-leim-kriechen-ld.10022239<\/a>\u00a0<\/p>\n","protected":false},"excerpt":{"rendered":"<p>China flutet die Weltm\u00e4rkte mit subventionierter Ware. In der G-20 schwindet das Verst\u00e4ndnis f\u00fcr diese Wettbewerbsverzerrung. Das l\u00e4sst hoffen. https:\/\/www.nzz.ch\/meinung\/welthandel-der-westen-darf-china-nicht-auf-den-leim-kriechen-ld.10022239\u00a0<\/p>\n","protected":false},"author":0,"featured_media":546292,"comment_status":"closed","ping_status":"closed","sticky":false,"template":"","format":"standard","meta":{"_jetpack_memberships_contains_paid_content":false,"footnotes":""},"categories":[6],"tags":[],"class_list":["post-546291","post","type-post","status-publish","format-standard","has-post-thumbnail","hentry","category-neue-zurcher-zeitung","wpcat-6-id"],"jetpack_featured_media_url":"https:\/\/livelycity.com\/switzerland\/wp-content\/uploads\/2026\/09\/e8e71fa2-59d8-40d8-821d-f0395f6f5724-Rbs5dY.jpg","jetpack_sharing_enabled":true,"_links":{"self":[{"href":"https:\/\/livelycity.com\/switzerland\/wp-json\/wp\/v2\/posts\/546291","targetHints":{"allow":["GET"]}}],"collection":[{"href":"https:\/\/livelycity.com\/switzerland\/wp-json\/wp\/v2\/posts"}],"about":[{"href":"https:\/\/livelycity.com\/switzerland\/wp-json\/wp\/v2\/types\/post"}],"replies":[{"embeddable":true,"href":"https:\/\/livelycity.com\/switzerland\/wp-json\/wp\/v2\/comments?post=546291"}],"version-history":[{"count":0,"href":"https:\/\/livelycity.com\/switzerland\/wp-json\/wp\/v2\/posts\/546291\/revisions"}],"wp:featuredmedia":[{"embeddable":true,"href":"https:\/\/livelycity.com\/switzerland\/wp-json\/wp\/v2\/media\/546292"}],"wp:attachment":[{"href":"https:\/\/livelycity.com\/switzerland\/wp-json\/wp\/v2\/media?parent=546291"}],"wp:term":[{"taxonomy":"category","embeddable":true,"href":"https:\/\/livelycity.com\/switzerland\/wp-json\/wp\/v2\/categories?post=546291"},{"taxonomy":"post_tag","embeddable":true,"href":"https:\/\/livelycity.com\/switzerland\/wp-json\/wp\/v2\/tags?post=546291"}],"curies":[{"name":"wp","href":"https:\/\/api.w.org\/{rel}","templated":true}]}}