{"id":546289,"date":"2026-09-03T16:00:00","date_gmt":"2026-09-03T16:00:00","guid":{"rendered":"https:\/\/livelycity.com\/switzerland\/schulstart-in-frankreich-der-nachwuchs-kritisiert-das-neue-handyverbot-an-gymnasien\/"},"modified":"2026-09-03T16:00:00","modified_gmt":"2026-09-03T16:00:00","slug":"schulstart-in-frankreich-der-nachwuchs-kritisiert-das-neue-handyverbot-an-gymnasien","status":"publish","type":"post","link":"https:\/\/livelycity.com\/switzerland\/schulstart-in-frankreich-der-nachwuchs-kritisiert-das-neue-handyverbot-an-gymnasien\/","title":{"rendered":"Schulstart in Frankreich: Der Nachwuchs kritisiert das neue Handyverbot an Gymnasien"},"content":{"rendered":"<p>Nach den Sch\u00fclern der Sekundarstufe m\u00fcssen nun auch die Gymnasiasten ihre Telefone wegsperren. Doch die Massnahme ist umstritten. Viele Sch\u00fcler f\u00fchlen sich bevormundet, und die Umsetzung bleibt unklar.<\/p>\n<p><a href=\"https:\/\/www.nzz.ch\/international\/schulstart-in-frankreich-neues-handyverbot-veraergert-die-schueler-ld.10022313\" target=\"_blank\" class=\"\">https:\/\/www.nzz.ch\/international\/schulstart-in-frankreich-neues-handyverbot-veraergert-die-schueler-ld.10022313<\/a>\u00a0<\/p>\n","protected":false},"excerpt":{"rendered":"<p>Nach den Sch\u00fclern der Sekundarstufe m\u00fcssen nun auch die Gymnasiasten ihre Telefone wegsperren. Doch die Massnahme ist umstritten. Viele Sch\u00fcler f\u00fchlen sich bevormundet, und die&#8230;<\/p>\n","protected":false},"author":0,"featured_media":546290,"comment_status":"closed","ping_status":"closed","sticky":false,"template":"","format":"standard","meta":{"_jetpack_memberships_contains_paid_content":false,"footnotes":""},"categories":[6],"tags":[],"class_list":["post-546289","post","type-post","status-publish","format-standard","has-post-thumbnail","hentry","category-neue-zurcher-zeitung","wpcat-6-id"],"jetpack_featured_media_url":"https:\/\/livelycity.com\/switzerland\/wp-content\/uploads\/2026\/09\/252d231d-c270-49a4-8b29-9dd1e1df943f-oypCy2.jpg","jetpack_sharing_enabled":true,"_links":{"self":[{"href":"https:\/\/livelycity.com\/switzerland\/wp-json\/wp\/v2\/posts\/546289","targetHints":{"allow":["GET"]}}],"collection":[{"href":"https:\/\/livelycity.com\/switzerland\/wp-json\/wp\/v2\/posts"}],"about":[{"href":"https:\/\/livelycity.com\/switzerland\/wp-json\/wp\/v2\/types\/post"}],"replies":[{"embeddable":true,"href":"https:\/\/livelycity.com\/switzerland\/wp-json\/wp\/v2\/comments?post=546289"}],"version-history":[{"count":0,"href":"https:\/\/livelycity.com\/switzerland\/wp-json\/wp\/v2\/posts\/546289\/revisions"}],"wp:featuredmedia":[{"embeddable":true,"href":"https:\/\/livelycity.com\/switzerland\/wp-json\/wp\/v2\/media\/546290"}],"wp:attachment":[{"href":"https:\/\/livelycity.com\/switzerland\/wp-json\/wp\/v2\/media?parent=546289"}],"wp:term":[{"taxonomy":"category","embeddable":true,"href":"https:\/\/livelycity.com\/switzerland\/wp-json\/wp\/v2\/categories?post=546289"},{"taxonomy":"post_tag","embeddable":true,"href":"https:\/\/livelycity.com\/switzerland\/wp-json\/wp\/v2\/tags?post=546289"}],"curies":[{"name":"wp","href":"https:\/\/api.w.org\/{rel}","templated":true}]}}