{"id":546287,"date":"2026-09-03T16:08:28","date_gmt":"2026-09-03T16:08:28","guid":{"rendered":"https:\/\/livelycity.com\/switzerland\/manchester-city-investiert-in-einem-sommer-eine-halbe-milliarde-franken-und-rustet-sich-so-fur-eine-neue-ara\/"},"modified":"2026-09-03T16:08:28","modified_gmt":"2026-09-03T16:08:28","slug":"manchester-city-investiert-in-einem-sommer-eine-halbe-milliarde-franken-und-rustet-sich-so-fur-eine-neue-ara","status":"publish","type":"post","link":"https:\/\/livelycity.com\/switzerland\/manchester-city-investiert-in-einem-sommer-eine-halbe-milliarde-franken-und-rustet-sich-so-fur-eine-neue-ara\/","title":{"rendered":"Manchester City investiert in einem Sommer eine halbe Milliarde Franken \u2013 und r\u00fcstet sich so f\u00fcr eine neue \u00c4ra"},"content":{"rendered":"<p>Nach dem Abschied von Pep Guardiola stellt der englische Fussballklub seinem Nachfolger ein Kader zum Rekordpreis zur Verf\u00fcgung. Herzst\u00fcck des radikalen Umbaus: ein neues Mittelfeld.<\/p>\n<p><a href=\"https:\/\/www.nzz.ch\/sport\/fussball\/manchester-city-nach-pep-guardiola-transfers-im-wert-von-491-millionen-ld.10021923\" target=\"_blank\" class=\"\">https:\/\/www.nzz.ch\/sport\/fussball\/manchester-city-nach-pep-guardiola-transfers-im-wert-von-491-millionen-ld.10021923<\/a>\u00a0<\/p>\n","protected":false},"excerpt":{"rendered":"<p>Nach dem Abschied von Pep Guardiola stellt der englische Fussballklub seinem Nachfolger ein Kader zum Rekordpreis zur Verf\u00fcgung. Herzst\u00fcck des radikalen Umbaus: ein neues Mittelfeld&#8230;.<\/p>\n","protected":false},"author":0,"featured_media":546288,"comment_status":"closed","ping_status":"closed","sticky":false,"template":"","format":"standard","meta":{"_jetpack_memberships_contains_paid_content":false,"footnotes":""},"categories":[6],"tags":[],"class_list":["post-546287","post","type-post","status-publish","format-standard","has-post-thumbnail","hentry","category-neue-zurcher-zeitung","wpcat-6-id"],"jetpack_featured_media_url":"https:\/\/livelycity.com\/switzerland\/wp-content\/uploads\/2026\/09\/bb7a0161-eb0c-42d1-a9f0-7e8f0e67cd42-cQZhos.jpg","jetpack_sharing_enabled":true,"_links":{"self":[{"href":"https:\/\/livelycity.com\/switzerland\/wp-json\/wp\/v2\/posts\/546287","targetHints":{"allow":["GET"]}}],"collection":[{"href":"https:\/\/livelycity.com\/switzerland\/wp-json\/wp\/v2\/posts"}],"about":[{"href":"https:\/\/livelycity.com\/switzerland\/wp-json\/wp\/v2\/types\/post"}],"replies":[{"embeddable":true,"href":"https:\/\/livelycity.com\/switzerland\/wp-json\/wp\/v2\/comments?post=546287"}],"version-history":[{"count":0,"href":"https:\/\/livelycity.com\/switzerland\/wp-json\/wp\/v2\/posts\/546287\/revisions"}],"wp:featuredmedia":[{"embeddable":true,"href":"https:\/\/livelycity.com\/switzerland\/wp-json\/wp\/v2\/media\/546288"}],"wp:attachment":[{"href":"https:\/\/livelycity.com\/switzerland\/wp-json\/wp\/v2\/media?parent=546287"}],"wp:term":[{"taxonomy":"category","embeddable":true,"href":"https:\/\/livelycity.com\/switzerland\/wp-json\/wp\/v2\/categories?post=546287"},{"taxonomy":"post_tag","embeddable":true,"href":"https:\/\/livelycity.com\/switzerland\/wp-json\/wp\/v2\/tags?post=546287"}],"curies":[{"name":"wp","href":"https:\/\/api.w.org\/{rel}","templated":true}]}}