{"id":546079,"date":"2026-09-03T04:54:55","date_gmt":"2026-09-03T04:54:55","guid":{"rendered":"https:\/\/livelycity.com\/switzerland\/gewalt-und-diebstahl-rom-erklart-kolosseum-zur-roten-zone\/"},"modified":"2026-09-03T04:54:55","modified_gmt":"2026-09-03T04:54:55","slug":"gewalt-und-diebstahl-rom-erklart-kolosseum-zur-roten-zone","status":"publish","type":"post","link":"https:\/\/livelycity.com\/switzerland\/gewalt-und-diebstahl-rom-erklart-kolosseum-zur-roten-zone\/","title":{"rendered":"Gewalt und Diebstahl: Rom erkl\u00e4rt Kolosseum zur roten Zone"},"content":{"rendered":"<p>Immer wieder kommt es am Kolosseum zu Diebst\u00e4hlen und \u00dcbergriffen. Die Beh\u00f6rden reagieren mit einer neuen Sicherheitszone und mehr Kontrollen.<\/p>\n<p><a href=\"https:\/\/www.20min.ch\/story\/italien-gewalt-und-diebstahl-rom-erklaert-kolosseum-zur-roten-zone-103626753\" target=\"_blank\" class=\"\">https:\/\/www.20min.ch\/story\/italien-gewalt-und-diebstahl-rom-erklaert-kolosseum-zur-roten-zone-103626753<\/a>\u00a0<\/p>\n","protected":false},"excerpt":{"rendered":"<p>Immer wieder kommt es am Kolosseum zu Diebst\u00e4hlen und \u00dcbergriffen. Die Beh\u00f6rden reagieren mit einer neuen Sicherheitszone und mehr Kontrollen. https:\/\/www.20min.ch\/story\/italien-gewalt-und-diebstahl-rom-erklaert-kolosseum-zur-roten-zone-103626753\u00a0<\/p>\n","protected":false},"author":0,"featured_media":545946,"comment_status":"closed","ping_status":"closed","sticky":false,"template":"","format":"standard","meta":{"_jetpack_memberships_contains_paid_content":false,"footnotes":""},"categories":[3],"tags":[],"class_list":["post-546079","post","type-post","status-publish","format-standard","has-post-thumbnail","hentry","category-20-minuten","wpcat-3-id"],"jetpack_featured_media_url":"https:\/\/livelycity.com\/switzerland\/wp-content\/uploads\/2026\/09\/fcab1833-a611-423e-bb8b-8673d30bb53f-xfnYUn.jpg","jetpack_sharing_enabled":true,"_links":{"self":[{"href":"https:\/\/livelycity.com\/switzerland\/wp-json\/wp\/v2\/posts\/546079","targetHints":{"allow":["GET"]}}],"collection":[{"href":"https:\/\/livelycity.com\/switzerland\/wp-json\/wp\/v2\/posts"}],"about":[{"href":"https:\/\/livelycity.com\/switzerland\/wp-json\/wp\/v2\/types\/post"}],"replies":[{"embeddable":true,"href":"https:\/\/livelycity.com\/switzerland\/wp-json\/wp\/v2\/comments?post=546079"}],"version-history":[{"count":0,"href":"https:\/\/livelycity.com\/switzerland\/wp-json\/wp\/v2\/posts\/546079\/revisions"}],"wp:featuredmedia":[{"embeddable":true,"href":"https:\/\/livelycity.com\/switzerland\/wp-json\/wp\/v2\/media\/545946"}],"wp:attachment":[{"href":"https:\/\/livelycity.com\/switzerland\/wp-json\/wp\/v2\/media?parent=546079"}],"wp:term":[{"taxonomy":"category","embeddable":true,"href":"https:\/\/livelycity.com\/switzerland\/wp-json\/wp\/v2\/categories?post=546079"},{"taxonomy":"post_tag","embeddable":true,"href":"https:\/\/livelycity.com\/switzerland\/wp-json\/wp\/v2\/tags?post=546079"}],"curies":[{"name":"wp","href":"https:\/\/api.w.org\/{rel}","templated":true}]}}