{"id":545994,"date":"2026-09-02T17:24:00","date_gmt":"2026-09-02T17:24:00","guid":{"rendered":"https:\/\/livelycity.com\/switzerland\/forensiker-dieser-fall-ist-fur-eine-amoktat-ungewohnlich\/"},"modified":"2026-09-02T17:24:00","modified_gmt":"2026-09-02T17:24:00","slug":"forensiker-dieser-fall-ist-fur-eine-amoktat-ungewohnlich","status":"publish","type":"post","link":"https:\/\/livelycity.com\/switzerland\/forensiker-dieser-fall-ist-fur-eine-amoktat-ungewohnlich\/","title":{"rendered":"Forensiker: \u00abDieser Fall ist f\u00fcr eine Amoktat ungew\u00f6hnlich\u00bb"},"content":{"rendered":"<p>Weder schwere psychische Erkrankung noch klare Ideologie oder Vorstrafen: Experte J\u00e9r\u00f4me Endrass erkl\u00e4rt, was an der Amoktat von Aarau ungew\u00f6hnlich ist \u2013 und welche Fragen nun gekl\u00e4rt werden m\u00fcssen.<\/p>\n<p><a href=\"https:\/\/www.20min.ch\/story\/taeter-von-aarau-forensiker-dieser-fall-ist-fuer-eine-amoktat-ungewoehnlich-103626499\" target=\"_blank\" class=\"\">https:\/\/www.20min.ch\/story\/taeter-von-aarau-forensiker-dieser-fall-ist-fuer-eine-amoktat-ungewoehnlich-103626499<\/a>\u00a0<\/p>\n","protected":false},"excerpt":{"rendered":"<p>Weder schwere psychische Erkrankung noch klare Ideologie oder Vorstrafen: Experte J\u00e9r\u00f4me Endrass erkl\u00e4rt, was an der Amoktat von Aarau ungew\u00f6hnlich ist \u2013 und welche Fragen&#8230;<\/p>\n","protected":false},"author":0,"featured_media":545647,"comment_status":"closed","ping_status":"closed","sticky":false,"template":"","format":"standard","meta":{"_jetpack_memberships_contains_paid_content":false,"footnotes":""},"categories":[3],"tags":[],"class_list":["post-545994","post","type-post","status-publish","format-standard","has-post-thumbnail","hentry","category-20-minuten","wpcat-3-id"],"jetpack_featured_media_url":"https:\/\/livelycity.com\/switzerland\/wp-content\/uploads\/2026\/09\/03115192-40f3-44b7-93b8-301ab1694344-X3KbxS.jpg","jetpack_sharing_enabled":true,"_links":{"self":[{"href":"https:\/\/livelycity.com\/switzerland\/wp-json\/wp\/v2\/posts\/545994","targetHints":{"allow":["GET"]}}],"collection":[{"href":"https:\/\/livelycity.com\/switzerland\/wp-json\/wp\/v2\/posts"}],"about":[{"href":"https:\/\/livelycity.com\/switzerland\/wp-json\/wp\/v2\/types\/post"}],"replies":[{"embeddable":true,"href":"https:\/\/livelycity.com\/switzerland\/wp-json\/wp\/v2\/comments?post=545994"}],"version-history":[{"count":0,"href":"https:\/\/livelycity.com\/switzerland\/wp-json\/wp\/v2\/posts\/545994\/revisions"}],"wp:featuredmedia":[{"embeddable":true,"href":"https:\/\/livelycity.com\/switzerland\/wp-json\/wp\/v2\/media\/545647"}],"wp:attachment":[{"href":"https:\/\/livelycity.com\/switzerland\/wp-json\/wp\/v2\/media?parent=545994"}],"wp:term":[{"taxonomy":"category","embeddable":true,"href":"https:\/\/livelycity.com\/switzerland\/wp-json\/wp\/v2\/categories?post=545994"},{"taxonomy":"post_tag","embeddable":true,"href":"https:\/\/livelycity.com\/switzerland\/wp-json\/wp\/v2\/tags?post=545994"}],"curies":[{"name":"wp","href":"https:\/\/api.w.org\/{rel}","templated":true}]}}