{"id":545912,"date":"2026-09-03T03:30:00","date_gmt":"2026-09-03T03:30:00","guid":{"rendered":"https:\/\/livelycity.com\/switzerland\/jamal-musiala-sollte-zur-weltmarke-im-fussball-aufgebaut-werden-nun-ist-seine-zukunft-ungewiss\/"},"modified":"2026-09-03T03:30:00","modified_gmt":"2026-09-03T03:30:00","slug":"jamal-musiala-sollte-zur-weltmarke-im-fussball-aufgebaut-werden-nun-ist-seine-zukunft-ungewiss","status":"publish","type":"post","link":"https:\/\/livelycity.com\/switzerland\/jamal-musiala-sollte-zur-weltmarke-im-fussball-aufgebaut-werden-nun-ist-seine-zukunft-ungewiss\/","title":{"rendered":"Jamal Musiala sollte zur Weltmarke im Fussball aufgebaut werden \u2013 nun ist seine Zukunft ungewiss"},"content":{"rendered":"<p>Die Erkrankung des Mittelfeldspielers ist ein R\u00fcckschlag f\u00fcr den FC Bayern. Er spielt in den wirtschaftlichen Pl\u00e4nen eine zentrale Rolle.<\/p>\n<p><a href=\"https:\/\/www.nzz.ch\/sport\/fussball\/bayerns-dilemma-mit-jamal-musiala-ld.10022038\" target=\"_blank\" class=\"\">https:\/\/www.nzz.ch\/sport\/fussball\/bayerns-dilemma-mit-jamal-musiala-ld.10022038<\/a>\u00a0<\/p>\n","protected":false},"excerpt":{"rendered":"<p>Die Erkrankung des Mittelfeldspielers ist ein R\u00fcckschlag f\u00fcr den FC Bayern. Er spielt in den wirtschaftlichen Pl\u00e4nen eine zentrale Rolle. https:\/\/www.nzz.ch\/sport\/fussball\/bayerns-dilemma-mit-jamal-musiala-ld.10022038\u00a0<\/p>\n","protected":false},"author":0,"featured_media":545913,"comment_status":"closed","ping_status":"closed","sticky":false,"template":"","format":"standard","meta":{"_jetpack_memberships_contains_paid_content":false,"footnotes":""},"categories":[6],"tags":[],"class_list":["post-545912","post","type-post","status-publish","format-standard","has-post-thumbnail","hentry","category-neue-zurcher-zeitung","wpcat-6-id"],"jetpack_featured_media_url":"https:\/\/livelycity.com\/switzerland\/wp-content\/uploads\/2026\/09\/6b0c51f6-d97a-41f4-bb99-ee1a5c64352e-meoN2V.jpg","jetpack_sharing_enabled":true,"_links":{"self":[{"href":"https:\/\/livelycity.com\/switzerland\/wp-json\/wp\/v2\/posts\/545912","targetHints":{"allow":["GET"]}}],"collection":[{"href":"https:\/\/livelycity.com\/switzerland\/wp-json\/wp\/v2\/posts"}],"about":[{"href":"https:\/\/livelycity.com\/switzerland\/wp-json\/wp\/v2\/types\/post"}],"replies":[{"embeddable":true,"href":"https:\/\/livelycity.com\/switzerland\/wp-json\/wp\/v2\/comments?post=545912"}],"version-history":[{"count":0,"href":"https:\/\/livelycity.com\/switzerland\/wp-json\/wp\/v2\/posts\/545912\/revisions"}],"wp:featuredmedia":[{"embeddable":true,"href":"https:\/\/livelycity.com\/switzerland\/wp-json\/wp\/v2\/media\/545913"}],"wp:attachment":[{"href":"https:\/\/livelycity.com\/switzerland\/wp-json\/wp\/v2\/media?parent=545912"}],"wp:term":[{"taxonomy":"category","embeddable":true,"href":"https:\/\/livelycity.com\/switzerland\/wp-json\/wp\/v2\/categories?post=545912"},{"taxonomy":"post_tag","embeddable":true,"href":"https:\/\/livelycity.com\/switzerland\/wp-json\/wp\/v2\/tags?post=545912"}],"curies":[{"name":"wp","href":"https:\/\/api.w.org\/{rel}","templated":true}]}}