{"id":545910,"date":"2026-09-03T03:30:00","date_gmt":"2026-09-03T03:30:00","guid":{"rendered":"https:\/\/livelycity.com\/switzerland\/russlands-luftraum-wird-geschlossen-selenski-stosst-eine-harsche-drohung-aus-mit-noch-unabsehbaren-folgen\/"},"modified":"2026-09-03T03:30:00","modified_gmt":"2026-09-03T03:30:00","slug":"russlands-luftraum-wird-geschlossen-selenski-stosst-eine-harsche-drohung-aus-mit-noch-unabsehbaren-folgen","status":"publish","type":"post","link":"https:\/\/livelycity.com\/switzerland\/russlands-luftraum-wird-geschlossen-selenski-stosst-eine-harsche-drohung-aus-mit-noch-unabsehbaren-folgen\/","title":{"rendered":"\u00abRusslands Luftraum wird geschlossen\u00bb: Selenski st\u00f6sst eine harsche Drohung aus \u2013 mit noch unabsehbaren Folgen"},"content":{"rendered":"<p>Am Himmel \u00fcber Russland sollen so viele ukrainische Drohnen auftauchen, dass eine zivile Luftfahrt unm\u00f6glich wird. Der Kreml sieht darin eine Ansage zu Staatsterrorismus. Doch die Ukrainer m\u00fcssen keine Flugzeuge abschiessen, um den Luftverkehr lahmzulegen.<\/p>\n<p><a href=\"https:\/\/www.nzz.ch\/international\/ukraine-selenski-will-russlands-flugverkehr-unterbinden-ld.10022044\" target=\"_blank\" class=\"\">https:\/\/www.nzz.ch\/international\/ukraine-selenski-will-russlands-flugverkehr-unterbinden-ld.10022044<\/a>\u00a0<\/p>\n","protected":false},"excerpt":{"rendered":"<p>Am Himmel \u00fcber Russland sollen so viele ukrainische Drohnen auftauchen, dass eine zivile Luftfahrt unm\u00f6glich wird. Der Kreml sieht darin eine Ansage zu Staatsterrorismus. Doch&#8230;<\/p>\n","protected":false},"author":0,"featured_media":545911,"comment_status":"closed","ping_status":"closed","sticky":false,"template":"","format":"standard","meta":{"_jetpack_memberships_contains_paid_content":false,"footnotes":""},"categories":[6],"tags":[],"class_list":["post-545910","post","type-post","status-publish","format-standard","has-post-thumbnail","hentry","category-neue-zurcher-zeitung","wpcat-6-id"],"jetpack_featured_media_url":"https:\/\/livelycity.com\/switzerland\/wp-content\/uploads\/2026\/09\/d31b7f63-a693-40e2-bf48-af30219f3d74-M4Ax83.jpg","jetpack_sharing_enabled":true,"_links":{"self":[{"href":"https:\/\/livelycity.com\/switzerland\/wp-json\/wp\/v2\/posts\/545910","targetHints":{"allow":["GET"]}}],"collection":[{"href":"https:\/\/livelycity.com\/switzerland\/wp-json\/wp\/v2\/posts"}],"about":[{"href":"https:\/\/livelycity.com\/switzerland\/wp-json\/wp\/v2\/types\/post"}],"replies":[{"embeddable":true,"href":"https:\/\/livelycity.com\/switzerland\/wp-json\/wp\/v2\/comments?post=545910"}],"version-history":[{"count":0,"href":"https:\/\/livelycity.com\/switzerland\/wp-json\/wp\/v2\/posts\/545910\/revisions"}],"wp:featuredmedia":[{"embeddable":true,"href":"https:\/\/livelycity.com\/switzerland\/wp-json\/wp\/v2\/media\/545911"}],"wp:attachment":[{"href":"https:\/\/livelycity.com\/switzerland\/wp-json\/wp\/v2\/media?parent=545910"}],"wp:term":[{"taxonomy":"category","embeddable":true,"href":"https:\/\/livelycity.com\/switzerland\/wp-json\/wp\/v2\/categories?post=545910"},{"taxonomy":"post_tag","embeddable":true,"href":"https:\/\/livelycity.com\/switzerland\/wp-json\/wp\/v2\/tags?post=545910"}],"curies":[{"name":"wp","href":"https:\/\/api.w.org\/{rel}","templated":true}]}}