{"id":545908,"date":"2026-09-03T03:30:00","date_gmt":"2026-09-03T03:30:00","guid":{"rendered":"https:\/\/livelycity.com\/switzerland\/wegen-arger-mit-den-urnern-der-muni-max-geht-in-den-verlangerten-winterschlaf\/"},"modified":"2026-09-03T03:30:00","modified_gmt":"2026-09-03T03:30:00","slug":"wegen-arger-mit-den-urnern-der-muni-max-geht-in-den-verlangerten-winterschlaf","status":"publish","type":"post","link":"https:\/\/livelycity.com\/switzerland\/wegen-arger-mit-den-urnern-der-muni-max-geht-in-den-verlangerten-winterschlaf\/","title":{"rendered":"Wegen \u00c4rger mit den Urnern \u2013 der Muni Max geht in den verl\u00e4ngerten Winterschlaf"},"content":{"rendered":"<p>Der Holzstier, der die Attraktion des Eidgen\u00f6ssischen Schwingfests war, st\u00f6sst in seiner neuen Heimat Andermatt auf Widerstand.<\/p>\n<p><a href=\"https:\/\/www.nzz.ch\/schweiz\/wegen-aerger-mit-den-urnern-muni-max-geht-in-den-verlaengerten-winterschlaf-ld.10022119\" target=\"_blank\" class=\"\">https:\/\/www.nzz.ch\/schweiz\/wegen-aerger-mit-den-urnern-muni-max-geht-in-den-verlaengerten-winterschlaf-ld.10022119<\/a>\u00a0<\/p>\n","protected":false},"excerpt":{"rendered":"<p>Der Holzstier, der die Attraktion des Eidgen\u00f6ssischen Schwingfests war, st\u00f6sst in seiner neuen Heimat Andermatt auf Widerstand. https:\/\/www.nzz.ch\/schweiz\/wegen-aerger-mit-den-urnern-muni-max-geht-in-den-verlaengerten-winterschlaf-ld.10022119\u00a0<\/p>\n","protected":false},"author":0,"featured_media":545909,"comment_status":"closed","ping_status":"closed","sticky":false,"template":"","format":"standard","meta":{"_jetpack_memberships_contains_paid_content":false,"footnotes":""},"categories":[6],"tags":[],"class_list":["post-545908","post","type-post","status-publish","format-standard","has-post-thumbnail","hentry","category-neue-zurcher-zeitung","wpcat-6-id"],"jetpack_featured_media_url":"https:\/\/livelycity.com\/switzerland\/wp-content\/uploads\/2026\/09\/e4916692-6e65-46c4-9fc1-2c4743e122fe-Z6NeWO.jpg","jetpack_sharing_enabled":true,"_links":{"self":[{"href":"https:\/\/livelycity.com\/switzerland\/wp-json\/wp\/v2\/posts\/545908","targetHints":{"allow":["GET"]}}],"collection":[{"href":"https:\/\/livelycity.com\/switzerland\/wp-json\/wp\/v2\/posts"}],"about":[{"href":"https:\/\/livelycity.com\/switzerland\/wp-json\/wp\/v2\/types\/post"}],"replies":[{"embeddable":true,"href":"https:\/\/livelycity.com\/switzerland\/wp-json\/wp\/v2\/comments?post=545908"}],"version-history":[{"count":0,"href":"https:\/\/livelycity.com\/switzerland\/wp-json\/wp\/v2\/posts\/545908\/revisions"}],"wp:featuredmedia":[{"embeddable":true,"href":"https:\/\/livelycity.com\/switzerland\/wp-json\/wp\/v2\/media\/545909"}],"wp:attachment":[{"href":"https:\/\/livelycity.com\/switzerland\/wp-json\/wp\/v2\/media?parent=545908"}],"wp:term":[{"taxonomy":"category","embeddable":true,"href":"https:\/\/livelycity.com\/switzerland\/wp-json\/wp\/v2\/categories?post=545908"},{"taxonomy":"post_tag","embeddable":true,"href":"https:\/\/livelycity.com\/switzerland\/wp-json\/wp\/v2\/tags?post=545908"}],"curies":[{"name":"wp","href":"https:\/\/api.w.org\/{rel}","templated":true}]}}