{"id":545868,"date":"2026-09-03T03:05:00","date_gmt":"2026-09-03T03:05:00","guid":{"rendered":"https:\/\/livelycity.com\/switzerland\/uberfullte-badis-uberteuerte-wohnungen-mehr-expats-ist-zurich-am-limit\/"},"modified":"2026-09-03T03:05:00","modified_gmt":"2026-09-03T03:05:00","slug":"uberfullte-badis-uberteuerte-wohnungen-mehr-expats-ist-zurich-am-limit","status":"publish","type":"post","link":"https:\/\/livelycity.com\/switzerland\/uberfullte-badis-uberteuerte-wohnungen-mehr-expats-ist-zurich-am-limit\/","title":{"rendered":"\u00dcberf\u00fcllte Badis, \u00fcberteuerte Wohnungen, mehr Expats \u2013 ist Z\u00fcrich am Limit?"},"content":{"rendered":"<p>In Z\u00fcrich wird es immer enger, teurer und internationaler \u2013 so lauten drei Vorurteile. Aber stimmen sie auch? Der grosse Datencheck.<\/p>\n<p><a href=\"https:\/\/www.nzz.ch\/zuerich\/ueberfuellte-badis-ueberteuerte-wohnungen-mehr-expats-ist-zuerich-am-limit-ld.10012705\" target=\"_blank\" class=\"\">https:\/\/www.nzz.ch\/zuerich\/ueberfuellte-badis-ueberteuerte-wohnungen-mehr-expats-ist-zuerich-am-limit-ld.10012705<\/a>\u00a0<\/p>\n","protected":false},"excerpt":{"rendered":"<p>In Z\u00fcrich wird es immer enger, teurer und internationaler \u2013 so lauten drei Vorurteile. Aber stimmen sie auch? Der grosse Datencheck. https:\/\/www.nzz.ch\/zuerich\/ueberfuellte-badis-ueberteuerte-wohnungen-mehr-expats-ist-zuerich-am-limit-ld.10012705\u00a0<\/p>\n","protected":false},"author":0,"featured_media":545863,"comment_status":"closed","ping_status":"closed","sticky":false,"template":"","format":"standard","meta":{"_jetpack_memberships_contains_paid_content":false,"footnotes":""},"categories":[6],"tags":[],"class_list":["post-545868","post","type-post","status-publish","format-standard","has-post-thumbnail","hentry","category-neue-zurcher-zeitung","wpcat-6-id"],"jetpack_featured_media_url":"https:\/\/livelycity.com\/switzerland\/wp-content\/uploads\/2026\/09\/72db2133-2ea4-481f-8959-889534ba7312-t9sAVB.gif","jetpack_sharing_enabled":true,"_links":{"self":[{"href":"https:\/\/livelycity.com\/switzerland\/wp-json\/wp\/v2\/posts\/545868","targetHints":{"allow":["GET"]}}],"collection":[{"href":"https:\/\/livelycity.com\/switzerland\/wp-json\/wp\/v2\/posts"}],"about":[{"href":"https:\/\/livelycity.com\/switzerland\/wp-json\/wp\/v2\/types\/post"}],"replies":[{"embeddable":true,"href":"https:\/\/livelycity.com\/switzerland\/wp-json\/wp\/v2\/comments?post=545868"}],"version-history":[{"count":0,"href":"https:\/\/livelycity.com\/switzerland\/wp-json\/wp\/v2\/posts\/545868\/revisions"}],"wp:featuredmedia":[{"embeddable":true,"href":"https:\/\/livelycity.com\/switzerland\/wp-json\/wp\/v2\/media\/545863"}],"wp:attachment":[{"href":"https:\/\/livelycity.com\/switzerland\/wp-json\/wp\/v2\/media?parent=545868"}],"wp:term":[{"taxonomy":"category","embeddable":true,"href":"https:\/\/livelycity.com\/switzerland\/wp-json\/wp\/v2\/categories?post=545868"},{"taxonomy":"post_tag","embeddable":true,"href":"https:\/\/livelycity.com\/switzerland\/wp-json\/wp\/v2\/tags?post=545868"}],"curies":[{"name":"wp","href":"https:\/\/api.w.org\/{rel}","templated":true}]}}