{"id":545796,"date":"2026-09-02T23:45:45","date_gmt":"2026-09-02T23:45:45","guid":{"rendered":"https:\/\/livelycity.com\/switzerland\/mehr-robotaxis-und-drohnen-uber-will-sich-fur-die-zukunft-rusten-und-entlasst-zehn-prozent-seiner-globalen-belegschaft\/"},"modified":"2026-09-02T23:45:45","modified_gmt":"2026-09-02T23:45:45","slug":"mehr-robotaxis-und-drohnen-uber-will-sich-fur-die-zukunft-rusten-und-entlasst-zehn-prozent-seiner-globalen-belegschaft","status":"publish","type":"post","link":"https:\/\/livelycity.com\/switzerland\/mehr-robotaxis-und-drohnen-uber-will-sich-fur-die-zukunft-rusten-und-entlasst-zehn-prozent-seiner-globalen-belegschaft\/","title":{"rendered":"Mehr Robotaxis und Drohnen: Uber will sich f\u00fcr die Zukunft r\u00fcsten und entl\u00e4sst zehn Prozent seiner globalen Belegschaft"},"content":{"rendered":"<p>Die weltgr\u00f6sste Ridesharing-Plattform Uber verschlankt sich, um sich auf die autonome Zukunft vorzubereiten: K\u00fcnftig setzt sie mehr auf Robotaxis und Drohnen.<\/p>\n<p><a href=\"https:\/\/www.nzz.ch\/technologie\/mehr-robotaxis-und-drohnen-uber-will-sich-fuer-die-zukunft-ruesten-und-entlaesst-zehn-prozent-seiner-globalen-belegschaft-ld.10022194\" target=\"_blank\" class=\"\">https:\/\/www.nzz.ch\/technologie\/mehr-robotaxis-und-drohnen-uber-will-sich-fuer-die-zukunft-ruesten-und-entlaesst-zehn-prozent-seiner-globalen-belegschaft-ld.10022194<\/a>\u00a0<\/p>\n","protected":false},"excerpt":{"rendered":"<p>Die weltgr\u00f6sste Ridesharing-Plattform Uber verschlankt sich, um sich auf die autonome Zukunft vorzubereiten: K\u00fcnftig setzt sie mehr auf Robotaxis und Drohnen. https:\/\/www.nzz.ch\/technologie\/mehr-robotaxis-und-drohnen-uber-will-sich-fuer-die-zukunft-ruesten-und-entlaesst-zehn-prozent-seiner-globalen-belegschaft-ld.10022194\u00a0<\/p>\n","protected":false},"author":0,"featured_media":545797,"comment_status":"closed","ping_status":"closed","sticky":false,"template":"","format":"standard","meta":{"_jetpack_memberships_contains_paid_content":false,"footnotes":""},"categories":[6],"tags":[],"class_list":["post-545796","post","type-post","status-publish","format-standard","has-post-thumbnail","hentry","category-neue-zurcher-zeitung","wpcat-6-id"],"jetpack_featured_media_url":"https:\/\/livelycity.com\/switzerland\/wp-content\/uploads\/2026\/09\/6bc9b846-c707-42ca-97d2-86081246aed9-md4Cpq.jpg","jetpack_sharing_enabled":true,"_links":{"self":[{"href":"https:\/\/livelycity.com\/switzerland\/wp-json\/wp\/v2\/posts\/545796","targetHints":{"allow":["GET"]}}],"collection":[{"href":"https:\/\/livelycity.com\/switzerland\/wp-json\/wp\/v2\/posts"}],"about":[{"href":"https:\/\/livelycity.com\/switzerland\/wp-json\/wp\/v2\/types\/post"}],"replies":[{"embeddable":true,"href":"https:\/\/livelycity.com\/switzerland\/wp-json\/wp\/v2\/comments?post=545796"}],"version-history":[{"count":0,"href":"https:\/\/livelycity.com\/switzerland\/wp-json\/wp\/v2\/posts\/545796\/revisions"}],"wp:featuredmedia":[{"embeddable":true,"href":"https:\/\/livelycity.com\/switzerland\/wp-json\/wp\/v2\/media\/545797"}],"wp:attachment":[{"href":"https:\/\/livelycity.com\/switzerland\/wp-json\/wp\/v2\/media?parent=545796"}],"wp:term":[{"taxonomy":"category","embeddable":true,"href":"https:\/\/livelycity.com\/switzerland\/wp-json\/wp\/v2\/categories?post=545796"},{"taxonomy":"post_tag","embeddable":true,"href":"https:\/\/livelycity.com\/switzerland\/wp-json\/wp\/v2\/tags?post=545796"}],"curies":[{"name":"wp","href":"https:\/\/api.w.org\/{rel}","templated":true}]}}