{"id":545795,"date":"2026-09-02T18:30:28","date_gmt":"2026-09-02T18:30:28","guid":{"rendered":"https:\/\/livelycity.com\/switzerland\/schiesserei-zwischen-ukrainischen-geheimdiensten-das-ist-bekannt\/"},"modified":"2026-09-02T18:30:28","modified_gmt":"2026-09-02T18:30:28","slug":"schiesserei-zwischen-ukrainischen-geheimdiensten-das-ist-bekannt","status":"publish","type":"post","link":"https:\/\/livelycity.com\/switzerland\/schiesserei-zwischen-ukrainischen-geheimdiensten-das-ist-bekannt\/","title":{"rendered":"Schiesserei zwischen ukrainischen Geheimdiensten: Das ist bekannt"},"content":{"rendered":"<p>Am Mittwochmorgen schossen Gruppen zweier ukrainischer Geheimdienste aufeinander. Ausl\u00f6ser war das mysteri\u00f6se Verschwinden eines russischen Oppositionsf\u00fchrers.<\/p>\n<p><a href=\"https:\/\/www.20min.ch\/story\/bei-ermittlungen-schiesserei-zwischen-ukrainischen-geheimdiensten-das-ist-bekannt-103626523\" target=\"_blank\" class=\"\">https:\/\/www.20min.ch\/story\/bei-ermittlungen-schiesserei-zwischen-ukrainischen-geheimdiensten-das-ist-bekannt-103626523<\/a>\u00a0<\/p>\n","protected":false},"excerpt":{"rendered":"<p>Am Mittwochmorgen schossen Gruppen zweier ukrainischer Geheimdienste aufeinander. Ausl\u00f6ser war das mysteri\u00f6se Verschwinden eines russischen Oppositionsf\u00fchrers. https:\/\/www.20min.ch\/story\/bei-ermittlungen-schiesserei-zwischen-ukrainischen-geheimdiensten-das-ist-bekannt-103626523\u00a0<\/p>\n","protected":false},"author":0,"featured_media":545682,"comment_status":"closed","ping_status":"closed","sticky":false,"template":"","format":"standard","meta":{"_jetpack_memberships_contains_paid_content":false,"footnotes":""},"categories":[3],"tags":[],"class_list":["post-545795","post","type-post","status-publish","format-standard","has-post-thumbnail","hentry","category-20-minuten","wpcat-3-id"],"jetpack_featured_media_url":"https:\/\/livelycity.com\/switzerland\/wp-content\/uploads\/2026\/09\/ba17c0b7-e4cb-4dde-936d-8c6131fdbdb1-N7BwlG.png","jetpack_sharing_enabled":true,"_links":{"self":[{"href":"https:\/\/livelycity.com\/switzerland\/wp-json\/wp\/v2\/posts\/545795","targetHints":{"allow":["GET"]}}],"collection":[{"href":"https:\/\/livelycity.com\/switzerland\/wp-json\/wp\/v2\/posts"}],"about":[{"href":"https:\/\/livelycity.com\/switzerland\/wp-json\/wp\/v2\/types\/post"}],"replies":[{"embeddable":true,"href":"https:\/\/livelycity.com\/switzerland\/wp-json\/wp\/v2\/comments?post=545795"}],"version-history":[{"count":0,"href":"https:\/\/livelycity.com\/switzerland\/wp-json\/wp\/v2\/posts\/545795\/revisions"}],"wp:featuredmedia":[{"embeddable":true,"href":"https:\/\/livelycity.com\/switzerland\/wp-json\/wp\/v2\/media\/545682"}],"wp:attachment":[{"href":"https:\/\/livelycity.com\/switzerland\/wp-json\/wp\/v2\/media?parent=545795"}],"wp:term":[{"taxonomy":"category","embeddable":true,"href":"https:\/\/livelycity.com\/switzerland\/wp-json\/wp\/v2\/categories?post=545795"},{"taxonomy":"post_tag","embeddable":true,"href":"https:\/\/livelycity.com\/switzerland\/wp-json\/wp\/v2\/tags?post=545795"}],"curies":[{"name":"wp","href":"https:\/\/api.w.org\/{rel}","templated":true}]}}