{"id":545674,"date":"2026-09-02T15:46:08","date_gmt":"2026-09-02T15:46:08","guid":{"rendered":"https:\/\/livelycity.com\/switzerland\/mann-stalkt-ramona-online-dann-tauchte-er-personlich-auf\/"},"modified":"2026-09-02T15:46:08","modified_gmt":"2026-09-02T15:46:08","slug":"mann-stalkt-ramona-online-dann-tauchte-er-personlich-auf","status":"publish","type":"post","link":"https:\/\/livelycity.com\/switzerland\/mann-stalkt-ramona-online-dann-tauchte-er-personlich-auf\/","title":{"rendered":"Mann stalkt Ramona online \u2013 \u00abDann tauchte er pers\u00f6nlich auf\u00bb"},"content":{"rendered":"<p>Die Schweizer Content-Creatorin Ramona Br\u00fcniger erlebt \u00fcber Jahre massives Stalking. Was das mit ihr gemacht hat und warum sie heute offen dar\u00fcber spricht.<\/p>\n<p><a href=\"https:\/\/www.20min.ch\/story\/content-creatorin-mann-stalkt-ramona-online-dann-tauchte-er-persoenlich-auf-103625887\" target=\"_blank\" class=\"\">https:\/\/www.20min.ch\/story\/content-creatorin-mann-stalkt-ramona-online-dann-tauchte-er-persoenlich-auf-103625887<\/a>\u00a0<\/p>\n","protected":false},"excerpt":{"rendered":"<p>Die Schweizer Content-Creatorin Ramona Br\u00fcniger erlebt \u00fcber Jahre massives Stalking. Was das mit ihr gemacht hat und warum sie heute offen dar\u00fcber spricht. https:\/\/www.20min.ch\/story\/content-creatorin-mann-stalkt-ramona-online-dann-tauchte-er-persoenlich-auf-103625887\u00a0<\/p>\n","protected":false},"author":0,"featured_media":545583,"comment_status":"closed","ping_status":"closed","sticky":false,"template":"","format":"standard","meta":{"_jetpack_memberships_contains_paid_content":false,"footnotes":""},"categories":[3],"tags":[],"class_list":["post-545674","post","type-post","status-publish","format-standard","has-post-thumbnail","hentry","category-20-minuten","wpcat-3-id"],"jetpack_featured_media_url":"https:\/\/livelycity.com\/switzerland\/wp-content\/uploads\/2026\/09\/588f6a9e-2a72-4f28-96a4-868baa78e912-XXo0Jd-scaled.jpg","jetpack_sharing_enabled":true,"_links":{"self":[{"href":"https:\/\/livelycity.com\/switzerland\/wp-json\/wp\/v2\/posts\/545674","targetHints":{"allow":["GET"]}}],"collection":[{"href":"https:\/\/livelycity.com\/switzerland\/wp-json\/wp\/v2\/posts"}],"about":[{"href":"https:\/\/livelycity.com\/switzerland\/wp-json\/wp\/v2\/types\/post"}],"replies":[{"embeddable":true,"href":"https:\/\/livelycity.com\/switzerland\/wp-json\/wp\/v2\/comments?post=545674"}],"version-history":[{"count":0,"href":"https:\/\/livelycity.com\/switzerland\/wp-json\/wp\/v2\/posts\/545674\/revisions"}],"wp:featuredmedia":[{"embeddable":true,"href":"https:\/\/livelycity.com\/switzerland\/wp-json\/wp\/v2\/media\/545583"}],"wp:attachment":[{"href":"https:\/\/livelycity.com\/switzerland\/wp-json\/wp\/v2\/media?parent=545674"}],"wp:term":[{"taxonomy":"category","embeddable":true,"href":"https:\/\/livelycity.com\/switzerland\/wp-json\/wp\/v2\/categories?post=545674"},{"taxonomy":"post_tag","embeddable":true,"href":"https:\/\/livelycity.com\/switzerland\/wp-json\/wp\/v2\/tags?post=545674"}],"curies":[{"name":"wp","href":"https:\/\/api.w.org\/{rel}","templated":true}]}}