{"id":545673,"date":"2026-09-02T16:27:35","date_gmt":"2026-09-02T16:27:35","guid":{"rendered":"https:\/\/livelycity.com\/switzerland\/hinter-den-muskeln-dieses-weltmeisters-steckt-eine-krankheit\/"},"modified":"2026-09-02T16:27:35","modified_gmt":"2026-09-02T16:27:35","slug":"hinter-den-muskeln-dieses-weltmeisters-steckt-eine-krankheit","status":"publish","type":"post","link":"https:\/\/livelycity.com\/switzerland\/hinter-den-muskeln-dieses-weltmeisters-steckt-eine-krankheit\/","title":{"rendered":"Hinter den Muskeln dieses Weltmeisters steckt eine Krankheit"},"content":{"rendered":"<p>Bixente Lizarazu pr\u00e4sentiert auf Instagram seinen muskul\u00f6sen Oberk\u00f6rper. Der franz\u00f6sische Weltmeister von 1998 leidet an einer Muskelsucht.<\/p>\n<p><a href=\"https:\/\/www.20min.ch\/story\/grosse-veraenderung-hinter-den-muskeln-dieses-weltmeisters-steckt-eine-krankheit-103626527\" target=\"_blank\" class=\"\">https:\/\/www.20min.ch\/story\/grosse-veraenderung-hinter-den-muskeln-dieses-weltmeisters-steckt-eine-krankheit-103626527<\/a>\u00a0<\/p>\n","protected":false},"excerpt":{"rendered":"<p>Bixente Lizarazu pr\u00e4sentiert auf Instagram seinen muskul\u00f6sen Oberk\u00f6rper. Der franz\u00f6sische Weltmeister von 1998 leidet an einer Muskelsucht. https:\/\/www.20min.ch\/story\/grosse-veraenderung-hinter-den-muskeln-dieses-weltmeisters-steckt-eine-krankheit-103626527\u00a0<\/p>\n","protected":false},"author":0,"featured_media":545618,"comment_status":"closed","ping_status":"closed","sticky":false,"template":"","format":"standard","meta":{"_jetpack_memberships_contains_paid_content":false,"footnotes":""},"categories":[3],"tags":[],"class_list":["post-545673","post","type-post","status-publish","format-standard","has-post-thumbnail","hentry","category-20-minuten","wpcat-3-id"],"jetpack_featured_media_url":"https:\/\/livelycity.com\/switzerland\/wp-content\/uploads\/2026\/09\/cc2c7481-ea43-4f60-a2f3-adc5f7bc7ef8-981OdD.png","jetpack_sharing_enabled":true,"_links":{"self":[{"href":"https:\/\/livelycity.com\/switzerland\/wp-json\/wp\/v2\/posts\/545673","targetHints":{"allow":["GET"]}}],"collection":[{"href":"https:\/\/livelycity.com\/switzerland\/wp-json\/wp\/v2\/posts"}],"about":[{"href":"https:\/\/livelycity.com\/switzerland\/wp-json\/wp\/v2\/types\/post"}],"replies":[{"embeddable":true,"href":"https:\/\/livelycity.com\/switzerland\/wp-json\/wp\/v2\/comments?post=545673"}],"version-history":[{"count":0,"href":"https:\/\/livelycity.com\/switzerland\/wp-json\/wp\/v2\/posts\/545673\/revisions"}],"wp:featuredmedia":[{"embeddable":true,"href":"https:\/\/livelycity.com\/switzerland\/wp-json\/wp\/v2\/media\/545618"}],"wp:attachment":[{"href":"https:\/\/livelycity.com\/switzerland\/wp-json\/wp\/v2\/media?parent=545673"}],"wp:term":[{"taxonomy":"category","embeddable":true,"href":"https:\/\/livelycity.com\/switzerland\/wp-json\/wp\/v2\/categories?post=545673"},{"taxonomy":"post_tag","embeddable":true,"href":"https:\/\/livelycity.com\/switzerland\/wp-json\/wp\/v2\/tags?post=545673"}],"curies":[{"name":"wp","href":"https:\/\/api.w.org\/{rel}","templated":true}]}}