{"id":545642,"date":"2026-09-02T17:36:48","date_gmt":"2026-09-02T17:36:48","guid":{"rendered":"https:\/\/livelycity.com\/switzerland\/fur-die-brandopfer-von-crans-montana-geht-es-schritt-fur-schritt-zuruck-in-den-alltag\/"},"modified":"2026-09-02T17:36:48","modified_gmt":"2026-09-02T17:36:48","slug":"fur-die-brandopfer-von-crans-montana-geht-es-schritt-fur-schritt-zuruck-in-den-alltag","status":"publish","type":"post","link":"https:\/\/livelycity.com\/switzerland\/fur-die-brandopfer-von-crans-montana-geht-es-schritt-fur-schritt-zuruck-in-den-alltag\/","title":{"rendered":"F\u00fcr die Brandopfer von Crans-Montana geht es Schritt f\u00fcr Schritt zur\u00fcck in den Alltag"},"content":{"rendered":"<p>Von den 42 schwer brandverletzten Menschen, die nach der Katastrophe von Crans-Montana in den beiden Rehabilitationskliniken der Suva behandelt wurden, sind noch 10 in station\u00e4rer Behandlung.<\/p>\n<p><a href=\"https:\/\/www.nzz.ch\/schweiz\/fuer-die-brandopfer-von-crans-montana-geht-es-schritt-fuer-schritt-zurueck-in-den-alltag-ld.10022096\" target=\"_blank\" class=\"\">https:\/\/www.nzz.ch\/schweiz\/fuer-die-brandopfer-von-crans-montana-geht-es-schritt-fuer-schritt-zurueck-in-den-alltag-ld.10022096<\/a>\u00a0<\/p>\n","protected":false},"excerpt":{"rendered":"<p>Von den 42 schwer brandverletzten Menschen, die nach der Katastrophe von Crans-Montana in den beiden Rehabilitationskliniken der Suva behandelt wurden, sind noch 10 in station\u00e4rer&#8230;<\/p>\n","protected":false},"author":0,"featured_media":545643,"comment_status":"closed","ping_status":"closed","sticky":false,"template":"","format":"standard","meta":{"_jetpack_memberships_contains_paid_content":false,"footnotes":""},"categories":[6],"tags":[],"class_list":["post-545642","post","type-post","status-publish","format-standard","has-post-thumbnail","hentry","category-neue-zurcher-zeitung","wpcat-6-id"],"jetpack_featured_media_url":"https:\/\/livelycity.com\/switzerland\/wp-content\/uploads\/2026\/09\/284a5da9-1652-4cb7-b2cf-a3f635e1926c-ABcSx6.jpg","jetpack_sharing_enabled":true,"_links":{"self":[{"href":"https:\/\/livelycity.com\/switzerland\/wp-json\/wp\/v2\/posts\/545642","targetHints":{"allow":["GET"]}}],"collection":[{"href":"https:\/\/livelycity.com\/switzerland\/wp-json\/wp\/v2\/posts"}],"about":[{"href":"https:\/\/livelycity.com\/switzerland\/wp-json\/wp\/v2\/types\/post"}],"replies":[{"embeddable":true,"href":"https:\/\/livelycity.com\/switzerland\/wp-json\/wp\/v2\/comments?post=545642"}],"version-history":[{"count":0,"href":"https:\/\/livelycity.com\/switzerland\/wp-json\/wp\/v2\/posts\/545642\/revisions"}],"wp:featuredmedia":[{"embeddable":true,"href":"https:\/\/livelycity.com\/switzerland\/wp-json\/wp\/v2\/media\/545643"}],"wp:attachment":[{"href":"https:\/\/livelycity.com\/switzerland\/wp-json\/wp\/v2\/media?parent=545642"}],"wp:term":[{"taxonomy":"category","embeddable":true,"href":"https:\/\/livelycity.com\/switzerland\/wp-json\/wp\/v2\/categories?post=545642"},{"taxonomy":"post_tag","embeddable":true,"href":"https:\/\/livelycity.com\/switzerland\/wp-json\/wp\/v2\/tags?post=545642"}],"curies":[{"name":"wp","href":"https:\/\/api.w.org\/{rel}","templated":true}]}}